{"id":12473,"date":"2019-07-11T07:14:37","date_gmt":"2019-07-11T07:14:37","guid":{"rendered":"https:\/\/indr.lu\/?p=12473"},"modified":"2021-07-14T07:19:45","modified_gmt":"2021-07-14T07:19:45","slug":"plusieurs-modules-fleet-inclus-dans-le-programme-de-formations-de-la-house-of-automobile","status":"publish","type":"post","link":"https:\/\/indr.lu\/fr\/plusieurs-modules-fleet-inclus-dans-le-programme-de-formations-de-la-house-of-automobile\/","title":{"rendered":"Plusieurs modules \u00ab Fleet \u00bb inclus dans le programme de formations de la House of Automobile"},"content":{"rendered":"[vc_row type=&#8221;in_container&#8221; full_screen_row_position=&#8221;middle&#8221; column_margin=&#8221;default&#8221; column_direction=&#8221;default&#8221; column_direction_tablet=&#8221;default&#8221; column_direction_phone=&#8221;default&#8221; scene_position=&#8221;center&#8221; text_color=&#8221;dark&#8221; text_align=&#8221;left&#8221; row_border_radius=&#8221;none&#8221; row_border_radius_applies=&#8221;bg&#8221; overlay_strength=&#8221;0.3&#8243; gradient_direction=&#8221;left_to_right&#8221; shape_divider_position=&#8221;bottom&#8221; bg_image_animation=&#8221;none&#8221;][vc_column column_padding=&#8221;no-extra-padding&#8221; column_padding_tablet=&#8221;inherit&#8221; column_padding_phone=&#8221;inherit&#8221; column_padding_position=&#8221;all&#8221; column_element_spacing=&#8221;default&#8221; background_color_opacity=&#8221;1&#8243; background_hover_color_opacity=&#8221;1&#8243; column_shadow=&#8221;none&#8221; column_border_radius=&#8221;none&#8221; column_link_target=&#8221;_self&#8221; gradient_direction=&#8221;left_to_right&#8221; overlay_strength=&#8221;0.3&#8243; width=&#8221;1\/1&#8243; tablet_width_inherit=&#8221;default&#8221; tablet_text_alignment=&#8221;default&#8221; phone_text_alignment=&#8221;default&#8221; bg_image_animation=&#8221;none&#8221; border_type=&#8221;simple&#8221; column_border_width=&#8221;none&#8221; column_border_style=&#8221;solid&#8221;][vc_column_text]<strong>La House of Automobile, qui regroupe les f\u00e9d\u00e9rations de l\u2019automobile au Luxembourg\u00a0<\/strong><strong>(FEDAMO, MOBIZ, FEBIAC) poursuit le d\u00e9ploiement de son programme de formations d\u00e9di\u00e9 \u00e0 l\u2019ensemble des acteurs du march\u00e9 automobile luxembourgeois et des entreprises.<\/strong><\/p>\n<p>L\u2019objectif de ce programme est d\u2019am\u00e9liorer les connaissances et comp\u00e9tences des responsables et des collaborateurs amen\u00e9s \u00e0 travailler directement ou indirectement dans <strong>les domaines du fleet, du leasing, de la location, des voitures de fonction et de la gestion de parc de v\u00e9hicules.<\/strong><\/p>\n<p>Les membres lab\u00e9lis\u00e9s \u2018<strong>E<\/strong>ntreprises <strong>S<\/strong>ocialement <strong>R<\/strong>esponsables\u2019 de la f\u00e9d\u00e9ration mobiz encouragent toutes<strong> personnes <\/strong>en charge de la gestion de parcs automobiles dans les entreprises, les collaborateurs des soci\u00e9t\u00e9s de leasing et de location courte dur\u00e9e, le personnel des prestataires de services : carrosseries, centrales de pneus, etc. ainsi que certaines fonctions de l\u2019Administration Publique \u00e0 participer \u00e0 cette formation afin qu\u2019ils aient une meilleure compr\u00e9hension de ce march\u00e9, de son fonctionnement et de ses enjeux. Cette formation est utile afin de permettre \u00e0 chacun d\u2019exercer son m\u00e9tier avec plus de pertinence, d\u2019efficacit\u00e9 et de professionnalisme.<\/p>\n<p>Un premier module intitul\u00e9 \u00ab Initiation au fleet et \u00e0 la gestion de parc automobile \u00bb a \u00e9t\u00e9 con\u00e7u par le sp\u00e9cialiste Euro Fleet Consult en collaboration avec mobiz. C\u2019est actuellement ce premier module qui est dispens\u00e9 ; il constitue une base n\u00e9cessaire pour aborder la suite du programme.<\/p>\n<p>Trois autres modules suivront ult\u00e9rieurement afin de couvrir l\u2019ensemble des sujets et notamment, la fiscalit\u00e9, la gestion des contrats, le TCO, les aspects li\u00e9s aux ressources humaines\u2026.etc.<\/p>\n<p>Ce programme de formation est \u00e9labor\u00e9 en partenariat avec le Centre de Comp\u00e9tences et rendu \u00e9ligible aupr\u00e8s de l\u2019INFPC, Institut National pour le d\u00e9veloppement de la Formation Professionnelle Continue.<\/p>\n<p>L\u2019INDR promeut les entreprises responsables\u00a0et plusieurs membres de la House of Automobile sont labellis\u00e9es ESR.[\/vc_column_text][\/vc_column][\/vc_row]\n","protected":false},"excerpt":{"rendered":"<p>[vc_row type=&#8221;in_container&#8221; full_screen_row_position=&#8221;middle&#8221; column_margin=&#8221;default&#8221; column_direction=&#8221;default&#8221; column_direction_tablet=&#8221;default&#8221; column_direction_phone=&#8221;default&#8221; scene_position=&#8221;center&#8221; text_color=&#8221;dark&#8221; text_align=&#8221;left&#8221; row_border_radius=&#8221;none&#8221; row_border_radius_applies=&#8221;bg&#8221; overlay_strength=&#8221;0.3&#8243; gradient_direction=&#8221;left_to_right&#8221; shape_divider_position=&#8221;bottom&#8221; bg_image_animation=&#8221;none&#8221;][vc_column column_padding=&#8221;no-extra-padding&#8221; column_padding_tablet=&#8221;inherit&#8221; column_padding_phone=&#8221;inherit&#8221; column_padding_position=&#8221;all&#8221; column_element_spacing=&#8221;default&#8221; background_color_opacity=&#8221;1&#8243; background_hover_color_opacity=&#8221;1&#8243; column_shadow=&#8221;none&#8221; column_border_radius=&#8221;none&#8221; column_link_target=&#8221;_self&#8221; gradient_direction=&#8221;left_to_right&#8221; overlay_strength=&#8221;0.3&#8243; width=&#8221;1\/1&#8243; tablet_width_inherit=&#8221;default&#8221;&#8230;<\/p>\n","protected":false},"author":35,"featured_media":12474,"comment_status":"closed","ping_status":"closed","sticky":false,"template":"","format":"standard","meta":{"_acf_changed":false,"inline_featured_image":false,"footnotes":""},"categories":[169],"tags":[],"class_list":{"0":"post-12473","1":"post","2":"type-post","3":"status-publish","4":"format-standard","5":"has-post-thumbnail","7":"category-bonnes-pratiques"},"acf":[],"yoast_head":"<!-- This site is optimized with the Yoast SEO plugin v27.5 - https:\/\/yoast.com\/product\/yoast-seo-wordpress\/ -->\n<title>Plusieurs modules \u00ab Fleet \u00bb inclus dans le programme de formations de la House of Automobile - INDR<\/title>\n<meta name=\"robots\" content=\"index, follow, max-snippet:-1, max-image-preview:large, max-video-preview:-1\" \/>\n<link rel=\"canonical\" href=\"https:\/\/indr.lu\/fr\/plusieurs-modules-fleet-inclus-dans-le-programme-de-formations-de-la-house-of-automobile\/\" \/>\n<meta property=\"og:locale\" content=\"fr_FR\" \/>\n<meta property=\"og:type\" content=\"article\" \/>\n<meta property=\"og:title\" content=\"Plusieurs modules \u00ab Fleet \u00bb inclus dans le programme de formations de la House of Automobile - INDR\" \/>\n<meta property=\"og:description\" content=\"[vc_row type=&#8221;in_container&#8221; full_screen_row_position=&#8221;middle&#8221; column_margin=&#8221;default&#8221; column_direction=&#8221;default&#8221; column_direction_tablet=&#8221;default&#8221; column_direction_phone=&#8221;default&#8221; scene_position=&#8221;center&#8221; text_color=&#8221;dark&#8221; text_align=&#8221;left&#8221; row_border_radius=&#8221;none&#8221; row_border_radius_applies=&#8221;bg&#8221; overlay_strength=&#8221;0.3&#8243; gradient_direction=&#8221;left_to_right&#8221; shape_divider_position=&#8221;bottom&#8221; bg_image_animation=&#8221;none&#8221;][vc_column column_padding=&#8221;no-extra-padding&#8221; column_padding_tablet=&#8221;inherit&#8221; column_padding_phone=&#8221;inherit&#8221; column_padding_position=&#8221;all&#8221; column_element_spacing=&#8221;default&#8221; background_color_opacity=&#8221;1&#8243; background_hover_color_opacity=&#8221;1&#8243; column_shadow=&#8221;none&#8221; column_border_radius=&#8221;none&#8221; column_link_target=&#8221;_self&#8221; gradient_direction=&#8221;left_to_right&#8221; overlay_strength=&#8221;0.3&#8243; width=&#8221;1\/1&#8243; tablet_width_inherit=&#8221;default&#8221;...\" \/>\n<meta property=\"og:url\" content=\"https:\/\/indr.lu\/fr\/plusieurs-modules-fleet-inclus-dans-le-programme-de-formations-de-la-house-of-automobile\/\" \/>\n<meta property=\"og:site_name\" content=\"INDR\" \/>\n<meta property=\"article:publisher\" content=\"https:\/\/www.facebook.com\/INDR.lu\" \/>\n<meta property=\"article:published_time\" content=\"2019-07-11T07:14:37+00:00\" \/>\n<meta property=\"article:modified_time\" content=\"2021-07-14T07:19:45+00:00\" \/>\n<meta property=\"og:image\" content=\"https:\/\/indr.lu\/wp-content\/uploads\/2021\/07\/23-mobiz-190711.jpg\" \/>\n\t<meta property=\"og:image:width\" content=\"375\" \/>\n\t<meta property=\"og:image:height\" content=\"312\" \/>\n\t<meta property=\"og:image:type\" content=\"image\/jpeg\" \/>\n<meta name=\"author\" content=\"admin\" \/>\n<meta name=\"twitter:card\" content=\"summary_large_image\" \/>\n<meta name=\"twitter:label1\" content=\"\u00c9crit par\" \/>\n\t<meta name=\"twitter:data1\" content=\"admin\" \/>\n\t<meta name=\"twitter:label2\" content=\"Dur\u00e9e de lecture estim\u00e9e\" \/>\n\t<meta name=\"twitter:data2\" content=\"2 minutes\" \/>\n<script type=\"application\/ld+json\" class=\"yoast-schema-graph\">{\"@context\":\"https:\\\/\\\/schema.org\",\"@graph\":[{\"@type\":\"Article\",\"@id\":\"https:\\\/\\\/indr.lu\\\/fr\\\/plusieurs-modules-fleet-inclus-dans-le-programme-de-formations-de-la-house-of-automobile\\\/#article\",\"isPartOf\":{\"@id\":\"https:\\\/\\\/indr.lu\\\/fr\\\/plusieurs-modules-fleet-inclus-dans-le-programme-de-formations-de-la-house-of-automobile\\\/\"},\"author\":{\"name\":\"admin\",\"@id\":\"https:\\\/\\\/indr.lu\\\/fr\\\/#\\\/schema\\\/person\\\/23e000806d613af66b535e4e8622d225\"},\"headline\":\"Plusieurs modules \u00ab Fleet \u00bb inclus dans le programme de formations de la House of Automobile\",\"datePublished\":\"2019-07-11T07:14:37+00:00\",\"dateModified\":\"2021-07-14T07:19:45+00:00\",\"mainEntityOfPage\":{\"@id\":\"https:\\\/\\\/indr.lu\\\/fr\\\/plusieurs-modules-fleet-inclus-dans-le-programme-de-formations-de-la-house-of-automobile\\\/\"},\"wordCount\":478,\"publisher\":{\"@id\":\"https:\\\/\\\/indr.lu\\\/fr\\\/#organization\"},\"image\":{\"@id\":\"https:\\\/\\\/indr.lu\\\/fr\\\/plusieurs-modules-fleet-inclus-dans-le-programme-de-formations-de-la-house-of-automobile\\\/#primaryimage\"},\"thumbnailUrl\":\"https:\\\/\\\/indr.lu\\\/wp-content\\\/uploads\\\/2021\\\/07\\\/23-mobiz-190711.jpg\",\"articleSection\":[\"Bonnes pratiques\"],\"inLanguage\":\"fr-FR\"},{\"@type\":\"WebPage\",\"@id\":\"https:\\\/\\\/indr.lu\\\/fr\\\/plusieurs-modules-fleet-inclus-dans-le-programme-de-formations-de-la-house-of-automobile\\\/\",\"url\":\"https:\\\/\\\/indr.lu\\\/fr\\\/plusieurs-modules-fleet-inclus-dans-le-programme-de-formations-de-la-house-of-automobile\\\/\",\"name\":\"Plusieurs modules \u00ab Fleet \u00bb inclus dans le programme de formations de la House of Automobile - INDR\",\"isPartOf\":{\"@id\":\"https:\\\/\\\/indr.lu\\\/fr\\\/#website\"},\"primaryImageOfPage\":{\"@id\":\"https:\\\/\\\/indr.lu\\\/fr\\\/plusieurs-modules-fleet-inclus-dans-le-programme-de-formations-de-la-house-of-automobile\\\/#primaryimage\"},\"image\":{\"@id\":\"https:\\\/\\\/indr.lu\\\/fr\\\/plusieurs-modules-fleet-inclus-dans-le-programme-de-formations-de-la-house-of-automobile\\\/#primaryimage\"},\"thumbnailUrl\":\"https:\\\/\\\/indr.lu\\\/wp-content\\\/uploads\\\/2021\\\/07\\\/23-mobiz-190711.jpg\",\"datePublished\":\"2019-07-11T07:14:37+00:00\",\"dateModified\":\"2021-07-14T07:19:45+00:00\",\"breadcrumb\":{\"@id\":\"https:\\\/\\\/indr.lu\\\/fr\\\/plusieurs-modules-fleet-inclus-dans-le-programme-de-formations-de-la-house-of-automobile\\\/#breadcrumb\"},\"inLanguage\":\"fr-FR\",\"potentialAction\":[{\"@type\":\"ReadAction\",\"target\":[\"https:\\\/\\\/indr.lu\\\/fr\\\/plusieurs-modules-fleet-inclus-dans-le-programme-de-formations-de-la-house-of-automobile\\\/\"]}]},{\"@type\":\"ImageObject\",\"inLanguage\":\"fr-FR\",\"@id\":\"https:\\\/\\\/indr.lu\\\/fr\\\/plusieurs-modules-fleet-inclus-dans-le-programme-de-formations-de-la-house-of-automobile\\\/#primaryimage\",\"url\":\"https:\\\/\\\/indr.lu\\\/wp-content\\\/uploads\\\/2021\\\/07\\\/23-mobiz-190711.jpg\",\"contentUrl\":\"https:\\\/\\\/indr.lu\\\/wp-content\\\/uploads\\\/2021\\\/07\\\/23-mobiz-190711.jpg\",\"width\":375,\"height\":312},{\"@type\":\"BreadcrumbList\",\"@id\":\"https:\\\/\\\/indr.lu\\\/fr\\\/plusieurs-modules-fleet-inclus-dans-le-programme-de-formations-de-la-house-of-automobile\\\/#breadcrumb\",\"itemListElement\":[{\"@type\":\"ListItem\",\"position\":1,\"name\":\"Home\",\"item\":\"https:\\\/\\\/indr.lu\\\/fr\\\/\"},{\"@type\":\"ListItem\",\"position\":2,\"name\":\"Plusieurs modules \u00ab Fleet \u00bb inclus dans le programme de formations de la House of Automobile\"}]},{\"@type\":\"WebSite\",\"@id\":\"https:\\\/\\\/indr.lu\\\/fr\\\/#website\",\"url\":\"https:\\\/\\\/indr.lu\\\/fr\\\/\",\"name\":\"INDR\",\"description\":\"Institut national pour le d\u00e9veloppement durable et la RSE\",\"publisher\":{\"@id\":\"https:\\\/\\\/indr.lu\\\/fr\\\/#organization\"},\"potentialAction\":[{\"@type\":\"SearchAction\",\"target\":{\"@type\":\"EntryPoint\",\"urlTemplate\":\"https:\\\/\\\/indr.lu\\\/fr\\\/?s={search_term_string}\"},\"query-input\":{\"@type\":\"PropertyValueSpecification\",\"valueRequired\":true,\"valueName\":\"search_term_string\"}}],\"inLanguage\":\"fr-FR\"},{\"@type\":\"Organization\",\"@id\":\"https:\\\/\\\/indr.lu\\\/fr\\\/#organization\",\"name\":\"INDR\",\"alternateName\":\"L\u2019Institut National pour le D\u00e9veloppement durable et la Responsabilit\u00e9 sociale des entreprises\",\"url\":\"https:\\\/\\\/indr.lu\\\/fr\\\/\",\"logo\":{\"@type\":\"ImageObject\",\"inLanguage\":\"fr-FR\",\"@id\":\"https:\\\/\\\/indr.lu\\\/fr\\\/#\\\/schema\\\/logo\\\/image\\\/\",\"url\":\"https:\\\/\\\/indr.lu\\\/wp-content\\\/uploads\\\/2021\\\/04\\\/indr-logo.svg\",\"contentUrl\":\"https:\\\/\\\/indr.lu\\\/wp-content\\\/uploads\\\/2021\\\/04\\\/indr-logo.svg\",\"width\":\"1024\",\"height\":\"1024\",\"caption\":\"INDR\"},\"image\":{\"@id\":\"https:\\\/\\\/indr.lu\\\/fr\\\/#\\\/schema\\\/logo\\\/image\\\/\"},\"sameAs\":[\"https:\\\/\\\/www.facebook.com\\\/INDR.lu\",\"https:\\\/\\\/www.linkedin.com\\\/company\\\/indr---institut-national-pour-le-d-veloppement-durable-et-la-responsabilit-des-entreprises\\\/\"]},{\"@type\":\"Person\",\"@id\":\"https:\\\/\\\/indr.lu\\\/fr\\\/#\\\/schema\\\/person\\\/23e000806d613af66b535e4e8622d225\",\"name\":\"admin\",\"url\":\"https:\\\/\\\/indr.lu\\\/fr\\\/author\\\/admin\\\/\"}]}<\/script>\n<!-- \/ Yoast SEO plugin. -->","yoast_head_json":{"title":"Plusieurs modules \u00ab Fleet \u00bb inclus dans le programme de formations de la House of Automobile - INDR","robots":{"index":"index","follow":"follow","max-snippet":"max-snippet:-1","max-image-preview":"max-image-preview:large","max-video-preview":"max-video-preview:-1"},"canonical":"https:\/\/indr.lu\/fr\/plusieurs-modules-fleet-inclus-dans-le-programme-de-formations-de-la-house-of-automobile\/","og_locale":"fr_FR","og_type":"article","og_title":"Plusieurs modules \u00ab Fleet \u00bb inclus dans le programme de formations de la House of Automobile - INDR","og_description":"[vc_row type=&#8221;in_container&#8221; full_screen_row_position=&#8221;middle&#8221; column_margin=&#8221;default&#8221; column_direction=&#8221;default&#8221; column_direction_tablet=&#8221;default&#8221; column_direction_phone=&#8221;default&#8221; scene_position=&#8221;center&#8221; text_color=&#8221;dark&#8221; text_align=&#8221;left&#8221; row_border_radius=&#8221;none&#8221; row_border_radius_applies=&#8221;bg&#8221; overlay_strength=&#8221;0.3&#8243; gradient_direction=&#8221;left_to_right&#8221; shape_divider_position=&#8221;bottom&#8221; bg_image_animation=&#8221;none&#8221;][vc_column column_padding=&#8221;no-extra-padding&#8221; column_padding_tablet=&#8221;inherit&#8221; column_padding_phone=&#8221;inherit&#8221; column_padding_position=&#8221;all&#8221; column_element_spacing=&#8221;default&#8221; background_color_opacity=&#8221;1&#8243; background_hover_color_opacity=&#8221;1&#8243; column_shadow=&#8221;none&#8221; column_border_radius=&#8221;none&#8221; column_link_target=&#8221;_self&#8221; gradient_direction=&#8221;left_to_right&#8221; overlay_strength=&#8221;0.3&#8243; width=&#8221;1\/1&#8243; tablet_width_inherit=&#8221;default&#8221;...","og_url":"https:\/\/indr.lu\/fr\/plusieurs-modules-fleet-inclus-dans-le-programme-de-formations-de-la-house-of-automobile\/","og_site_name":"INDR","article_publisher":"https:\/\/www.facebook.com\/INDR.lu","article_published_time":"2019-07-11T07:14:37+00:00","article_modified_time":"2021-07-14T07:19:45+00:00","og_image":[{"width":375,"height":312,"url":"https:\/\/indr.lu\/wp-content\/uploads\/2021\/07\/23-mobiz-190711.jpg","type":"image\/jpeg"}],"author":"admin","twitter_card":"summary_large_image","twitter_misc":{"\u00c9crit par":"admin","Dur\u00e9e de lecture estim\u00e9e":"2 minutes"},"schema":{"@context":"https:\/\/schema.org","@graph":[{"@type":"Article","@id":"https:\/\/indr.lu\/fr\/plusieurs-modules-fleet-inclus-dans-le-programme-de-formations-de-la-house-of-automobile\/#article","isPartOf":{"@id":"https:\/\/indr.lu\/fr\/plusieurs-modules-fleet-inclus-dans-le-programme-de-formations-de-la-house-of-automobile\/"},"author":{"name":"admin","@id":"https:\/\/indr.lu\/fr\/#\/schema\/person\/23e000806d613af66b535e4e8622d225"},"headline":"Plusieurs modules \u00ab Fleet \u00bb inclus dans le programme de formations de la House of Automobile","datePublished":"2019-07-11T07:14:37+00:00","dateModified":"2021-07-14T07:19:45+00:00","mainEntityOfPage":{"@id":"https:\/\/indr.lu\/fr\/plusieurs-modules-fleet-inclus-dans-le-programme-de-formations-de-la-house-of-automobile\/"},"wordCount":478,"publisher":{"@id":"https:\/\/indr.lu\/fr\/#organization"},"image":{"@id":"https:\/\/indr.lu\/fr\/plusieurs-modules-fleet-inclus-dans-le-programme-de-formations-de-la-house-of-automobile\/#primaryimage"},"thumbnailUrl":"https:\/\/indr.lu\/wp-content\/uploads\/2021\/07\/23-mobiz-190711.jpg","articleSection":["Bonnes pratiques"],"inLanguage":"fr-FR"},{"@type":"WebPage","@id":"https:\/\/indr.lu\/fr\/plusieurs-modules-fleet-inclus-dans-le-programme-de-formations-de-la-house-of-automobile\/","url":"https:\/\/indr.lu\/fr\/plusieurs-modules-fleet-inclus-dans-le-programme-de-formations-de-la-house-of-automobile\/","name":"Plusieurs modules \u00ab Fleet \u00bb inclus dans le programme de formations de la House of Automobile - INDR","isPartOf":{"@id":"https:\/\/indr.lu\/fr\/#website"},"primaryImageOfPage":{"@id":"https:\/\/indr.lu\/fr\/plusieurs-modules-fleet-inclus-dans-le-programme-de-formations-de-la-house-of-automobile\/#primaryimage"},"image":{"@id":"https:\/\/indr.lu\/fr\/plusieurs-modules-fleet-inclus-dans-le-programme-de-formations-de-la-house-of-automobile\/#primaryimage"},"thumbnailUrl":"https:\/\/indr.lu\/wp-content\/uploads\/2021\/07\/23-mobiz-190711.jpg","datePublished":"2019-07-11T07:14:37+00:00","dateModified":"2021-07-14T07:19:45+00:00","breadcrumb":{"@id":"https:\/\/indr.lu\/fr\/plusieurs-modules-fleet-inclus-dans-le-programme-de-formations-de-la-house-of-automobile\/#breadcrumb"},"inLanguage":"fr-FR","potentialAction":[{"@type":"ReadAction","target":["https:\/\/indr.lu\/fr\/plusieurs-modules-fleet-inclus-dans-le-programme-de-formations-de-la-house-of-automobile\/"]}]},{"@type":"ImageObject","inLanguage":"fr-FR","@id":"https:\/\/indr.lu\/fr\/plusieurs-modules-fleet-inclus-dans-le-programme-de-formations-de-la-house-of-automobile\/#primaryimage","url":"https:\/\/indr.lu\/wp-content\/uploads\/2021\/07\/23-mobiz-190711.jpg","contentUrl":"https:\/\/indr.lu\/wp-content\/uploads\/2021\/07\/23-mobiz-190711.jpg","width":375,"height":312},{"@type":"BreadcrumbList","@id":"https:\/\/indr.lu\/fr\/plusieurs-modules-fleet-inclus-dans-le-programme-de-formations-de-la-house-of-automobile\/#breadcrumb","itemListElement":[{"@type":"ListItem","position":1,"name":"Home","item":"https:\/\/indr.lu\/fr\/"},{"@type":"ListItem","position":2,"name":"Plusieurs modules \u00ab Fleet \u00bb inclus dans le programme de formations de la House of Automobile"}]},{"@type":"WebSite","@id":"https:\/\/indr.lu\/fr\/#website","url":"https:\/\/indr.lu\/fr\/","name":"INDR","description":"Institut national pour le d\u00e9veloppement durable et la RSE","publisher":{"@id":"https:\/\/indr.lu\/fr\/#organization"},"potentialAction":[{"@type":"SearchAction","target":{"@type":"EntryPoint","urlTemplate":"https:\/\/indr.lu\/fr\/?s={search_term_string}"},"query-input":{"@type":"PropertyValueSpecification","valueRequired":true,"valueName":"search_term_string"}}],"inLanguage":"fr-FR"},{"@type":"Organization","@id":"https:\/\/indr.lu\/fr\/#organization","name":"INDR","alternateName":"L\u2019Institut National pour le D\u00e9veloppement durable et la Responsabilit\u00e9 sociale des entreprises","url":"https:\/\/indr.lu\/fr\/","logo":{"@type":"ImageObject","inLanguage":"fr-FR","@id":"https:\/\/indr.lu\/fr\/#\/schema\/logo\/image\/","url":"https:\/\/indr.lu\/wp-content\/uploads\/2021\/04\/indr-logo.svg","contentUrl":"https:\/\/indr.lu\/wp-content\/uploads\/2021\/04\/indr-logo.svg","width":"1024","height":"1024","caption":"INDR"},"image":{"@id":"https:\/\/indr.lu\/fr\/#\/schema\/logo\/image\/"},"sameAs":["https:\/\/www.facebook.com\/INDR.lu","https:\/\/www.linkedin.com\/company\/indr---institut-national-pour-le-d-veloppement-durable-et-la-responsabilit-des-entreprises\/"]},{"@type":"Person","@id":"https:\/\/indr.lu\/fr\/#\/schema\/person\/23e000806d613af66b535e4e8622d225","name":"admin","url":"https:\/\/indr.lu\/fr\/author\/admin\/"}]}},"_links":{"self":[{"href":"https:\/\/indr.lu\/fr\/wp-json\/wp\/v2\/posts\/12473","targetHints":{"allow":["GET"]}}],"collection":[{"href":"https:\/\/indr.lu\/fr\/wp-json\/wp\/v2\/posts"}],"about":[{"href":"https:\/\/indr.lu\/fr\/wp-json\/wp\/v2\/types\/post"}],"author":[{"embeddable":true,"href":"https:\/\/indr.lu\/fr\/wp-json\/wp\/v2\/users\/35"}],"replies":[{"embeddable":true,"href":"https:\/\/indr.lu\/fr\/wp-json\/wp\/v2\/comments?post=12473"}],"version-history":[{"count":1,"href":"https:\/\/indr.lu\/fr\/wp-json\/wp\/v2\/posts\/12473\/revisions"}],"predecessor-version":[{"id":12476,"href":"https:\/\/indr.lu\/fr\/wp-json\/wp\/v2\/posts\/12473\/revisions\/12476"}],"wp:featuredmedia":[{"embeddable":true,"href":"https:\/\/indr.lu\/fr\/wp-json\/wp\/v2\/media\/12474"}],"wp:attachment":[{"href":"https:\/\/indr.lu\/fr\/wp-json\/wp\/v2\/media?parent=12473"}],"wp:term":[{"taxonomy":"category","embeddable":true,"href":"https:\/\/indr.lu\/fr\/wp-json\/wp\/v2\/categories?post=12473"},{"taxonomy":"post_tag","embeddable":true,"href":"https:\/\/indr.lu\/fr\/wp-json\/wp\/v2\/tags?post=12473"}],"curies":[{"name":"wp","href":"https:\/\/api.w.org\/{rel}","templated":true}]}}