{"id":12498,"date":"2020-05-04T08:01:23","date_gmt":"2020-05-04T08:01:23","guid":{"rendered":"https:\/\/indr.lu\/?p=12498"},"modified":"2021-07-14T08:03:24","modified_gmt":"2021-07-14T08:03:24","slug":"ald-automotive-luxembourg-certifie-platinum-par-lorganisme-international-ecovadis","status":"publish","type":"post","link":"https:\/\/indr.lu\/fr\/ald-automotive-luxembourg-certifie-platinum-par-lorganisme-international-ecovadis\/","title":{"rendered":"ALD Automotive Luxembourg certifi\u00e9 platinum par l\u2019organisme international ECOVADIS"},"content":{"rendered":"[vc_row type=&#8221;in_container&#8221; full_screen_row_position=&#8221;middle&#8221; column_margin=&#8221;default&#8221; column_direction=&#8221;default&#8221; column_direction_tablet=&#8221;default&#8221; column_direction_phone=&#8221;default&#8221; scene_position=&#8221;center&#8221; text_color=&#8221;dark&#8221; text_align=&#8221;left&#8221; row_border_radius=&#8221;none&#8221; row_border_radius_applies=&#8221;bg&#8221; overlay_strength=&#8221;0.3&#8243; gradient_direction=&#8221;left_to_right&#8221; shape_divider_position=&#8221;bottom&#8221; bg_image_animation=&#8221;none&#8221;][vc_column column_padding=&#8221;no-extra-padding&#8221; column_padding_tablet=&#8221;inherit&#8221; column_padding_phone=&#8221;inherit&#8221; column_padding_position=&#8221;all&#8221; column_element_spacing=&#8221;default&#8221; background_color_opacity=&#8221;1&#8243; background_hover_color_opacity=&#8221;1&#8243; column_shadow=&#8221;none&#8221; column_border_radius=&#8221;none&#8221; column_link_target=&#8221;_self&#8221; gradient_direction=&#8221;left_to_right&#8221; overlay_strength=&#8221;0.3&#8243; width=&#8221;1\/2&#8243; tablet_width_inherit=&#8221;default&#8221; tablet_text_alignment=&#8221;default&#8221; phone_text_alignment=&#8221;default&#8221; bg_image_animation=&#8221;none&#8221; border_type=&#8221;simple&#8221; column_border_width=&#8221;none&#8221; column_border_style=&#8221;solid&#8221;][vc_column_text]ALD Automotive a \u00e9t\u00e9 not\u00e9e Platinum, la plus haute distinction de l&#8217;EcoVadis Sustainability Rating, attribu\u00e9e \u00e0 moins de 1% des entreprises audit\u00e9es.<\/p>\n<p>EcoVadis est un organisme international qui\u00a0 propose un service d\u2019\u00e9valuation complet de la Responsabilit\u00e9 Soci\u00e9tale des Entreprises (RSE).<\/p>\n<p>La notation EcoVadis s\u2019int\u00e9resse \u00e0 un ensemble d\u2019\u00e9l\u00e9ments non financiers, et notamment \u00a0\u00e0 leurs impacts dans les th\u00e8mes suivants : l\u2019Environnement, le Social &amp; Droits de l\u2019Homme, l\u2019\u00c9thique et les Achats Responsables.<\/p>\n<p>EcoVadis a \u00e9valu\u00e9 la performance d\u2019ALD Automotive Luxembourg en mati\u00e8re de d\u00e9veloppement durable en fonction de 21 crit\u00e8res \u00e0 travers les quatre cat\u00e9gories pr\u00e9c\u00e9demment cit\u00e9es. Les politiques, les initiatives et les r\u00e9sultats d\u2019ALD Automotive Luxembourg en mati\u00e8re de durabilit\u00e9 ont \u00e9t\u00e9 analys\u00e9s \u00e0 l&#8217;aide de normes internationales de durabilit\u00e9 reconnues.<\/p>\n<p>Depuis de nombreuses ann\u00e9es, ALD Automotive Luxembourg a choisi de placer le d\u00e9veloppement durable au c\u0153ur de ses activit\u00e9s. Ces engagements RSE irriguent toutes les dimensions de l\u2019entreprise : m\u00e9tier, comportement d\u2019employeur,\u00a0 impact environnemental et engagements citoyens. Leur enracinement dans sa\u00a0 culture et dans\u00a0 sa strat\u00e9gie est d\u2019autant plus solide qu\u2019ALD Automotive Luxembourg entretient un dialogue permanent avec ses diff\u00e9rentes parties prenantes, entra\u00eenant dans une m\u00eame dynamique\u00a0: collaborateurs, fournisseurs et clients.<\/p>\n<p>Dominique Roger<\/p>\n<p>\u00ab\u00a0Notre statut de leader dans le secteur du leasing automobile nous engage \u00e0 un devoir d\u2019exemplarit\u00e9 en mati\u00e8re de responsabilit\u00e9 soci\u00e9tale. La RSE est un des 3 piliers de notre strat\u00e9gie et ce n&#8217;est pas de la th\u00e9orie, c&#8217;est du concret. Merci \u00e0 tous les collaborateurs de s&#8217;inscrire dans cet engagement et de le faire vivre \u00e0 tous les niveaux de l\u2019entreprise. Cette reconnaissance accord\u00e9e par Ecovadis nous honore et nous mobilise encore davantage\u00a0\u00bb.<\/p>\n<p>L\u2019INDR promeut les entreprises responsables, et ALD Automotive Luxembourg est labellis\u00e9 ESR 2011.[\/vc_column_text][\/vc_column][vc_column column_padding=&#8221;no-extra-padding&#8221; column_padding_tablet=&#8221;inherit&#8221; column_padding_phone=&#8221;inherit&#8221; column_padding_position=&#8221;all&#8221; column_element_spacing=&#8221;default&#8221; background_color_opacity=&#8221;1&#8243; background_hover_color_opacity=&#8221;1&#8243; column_shadow=&#8221;none&#8221; column_border_radius=&#8221;none&#8221; column_link_target=&#8221;_self&#8221; gradient_direction=&#8221;left_to_right&#8221; overlay_strength=&#8221;0.3&#8243; width=&#8221;1\/2&#8243; tablet_width_inherit=&#8221;default&#8221; tablet_text_alignment=&#8221;default&#8221; phone_text_alignment=&#8221;default&#8221; bg_image_animation=&#8221;none&#8221; border_type=&#8221;simple&#8221; column_border_width=&#8221;none&#8221; column_border_style=&#8221;solid&#8221;][image_with_animation image_url=&#8221;12499&#8243; animation=&#8221;Fade In&#8221; hover_animation=&#8221;none&#8221; alignment=&#8221;&#8221; border_radius=&#8221;none&#8221; box_shadow=&#8221;none&#8221; image_loading=&#8221;default&#8221; max_width=&#8221;100%&#8221; max_width_mobile=&#8221;default&#8221; el_class=&#8221;no-scale&#8221;][\/vc_column][\/vc_row]\n","protected":false},"excerpt":{"rendered":"<p>[vc_row type=&#8221;in_container&#8221; full_screen_row_position=&#8221;middle&#8221; column_margin=&#8221;default&#8221; column_direction=&#8221;default&#8221; column_direction_tablet=&#8221;default&#8221; column_direction_phone=&#8221;default&#8221; scene_position=&#8221;center&#8221; text_color=&#8221;dark&#8221; text_align=&#8221;left&#8221; row_border_radius=&#8221;none&#8221; row_border_radius_applies=&#8221;bg&#8221; overlay_strength=&#8221;0.3&#8243; gradient_direction=&#8221;left_to_right&#8221; shape_divider_position=&#8221;bottom&#8221; bg_image_animation=&#8221;none&#8221;][vc_column column_padding=&#8221;no-extra-padding&#8221; column_padding_tablet=&#8221;inherit&#8221; column_padding_phone=&#8221;inherit&#8221; column_padding_position=&#8221;all&#8221; column_element_spacing=&#8221;default&#8221; background_color_opacity=&#8221;1&#8243; background_hover_color_opacity=&#8221;1&#8243; column_shadow=&#8221;none&#8221; column_border_radius=&#8221;none&#8221; column_link_target=&#8221;_self&#8221; gradient_direction=&#8221;left_to_right&#8221; overlay_strength=&#8221;0.3&#8243; width=&#8221;1\/2&#8243; tablet_width_inherit=&#8221;default&#8221;&#8230;<\/p>\n","protected":false},"author":35,"featured_media":12499,"comment_status":"closed","ping_status":"closed","sticky":false,"template":"","format":"standard","meta":{"_acf_changed":false,"inline_featured_image":false,"footnotes":""},"categories":[169],"tags":[],"class_list":{"0":"post-12498","1":"post","2":"type-post","3":"status-publish","4":"format-standard","5":"has-post-thumbnail","7":"category-bonnes-pratiques"},"acf":[],"yoast_head":"<!-- This site is optimized with the Yoast SEO plugin v27.5 - https:\/\/yoast.com\/product\/yoast-seo-wordpress\/ -->\n<title>ALD Automotive Luxembourg certifi\u00e9 platinum par l\u2019organisme international ECOVADIS - INDR<\/title>\n<meta name=\"robots\" content=\"index, follow, max-snippet:-1, max-image-preview:large, max-video-preview:-1\" \/>\n<link rel=\"canonical\" href=\"https:\/\/indr.lu\/fr\/ald-automotive-luxembourg-certifie-platinum-par-lorganisme-international-ecovadis\/\" \/>\n<meta property=\"og:locale\" content=\"fr_FR\" \/>\n<meta property=\"og:type\" content=\"article\" \/>\n<meta property=\"og:title\" content=\"ALD Automotive Luxembourg certifi\u00e9 platinum par l\u2019organisme international ECOVADIS - INDR\" \/>\n<meta property=\"og:description\" content=\"[vc_row type=&#8221;in_container&#8221; full_screen_row_position=&#8221;middle&#8221; column_margin=&#8221;default&#8221; column_direction=&#8221;default&#8221; column_direction_tablet=&#8221;default&#8221; column_direction_phone=&#8221;default&#8221; scene_position=&#8221;center&#8221; text_color=&#8221;dark&#8221; text_align=&#8221;left&#8221; row_border_radius=&#8221;none&#8221; row_border_radius_applies=&#8221;bg&#8221; overlay_strength=&#8221;0.3&#8243; gradient_direction=&#8221;left_to_right&#8221; shape_divider_position=&#8221;bottom&#8221; bg_image_animation=&#8221;none&#8221;][vc_column column_padding=&#8221;no-extra-padding&#8221; column_padding_tablet=&#8221;inherit&#8221; column_padding_phone=&#8221;inherit&#8221; column_padding_position=&#8221;all&#8221; column_element_spacing=&#8221;default&#8221; background_color_opacity=&#8221;1&#8243; background_hover_color_opacity=&#8221;1&#8243; column_shadow=&#8221;none&#8221; column_border_radius=&#8221;none&#8221; column_link_target=&#8221;_self&#8221; gradient_direction=&#8221;left_to_right&#8221; overlay_strength=&#8221;0.3&#8243; width=&#8221;1\/2&#8243; tablet_width_inherit=&#8221;default&#8221;...\" \/>\n<meta property=\"og:url\" content=\"https:\/\/indr.lu\/fr\/ald-automotive-luxembourg-certifie-platinum-par-lorganisme-international-ecovadis\/\" \/>\n<meta property=\"og:site_name\" content=\"INDR\" \/>\n<meta property=\"article:publisher\" content=\"https:\/\/www.facebook.com\/INDR.lu\" \/>\n<meta property=\"article:published_time\" content=\"2020-05-04T08:01:23+00:00\" \/>\n<meta property=\"article:modified_time\" content=\"2021-07-14T08:03:24+00:00\" \/>\n<meta property=\"og:image\" content=\"https:\/\/indr.lu\/wp-content\/uploads\/2021\/07\/29-ald-automotive-luxembourg.jpg\" \/>\n\t<meta property=\"og:image:width\" content=\"2600\" \/>\n\t<meta property=\"og:image:height\" content=\"1359\" \/>\n\t<meta property=\"og:image:type\" content=\"image\/jpeg\" \/>\n<meta name=\"author\" content=\"admin\" \/>\n<meta name=\"twitter:card\" content=\"summary_large_image\" \/>\n<meta name=\"twitter:label1\" content=\"\u00c9crit par\" \/>\n\t<meta name=\"twitter:data1\" content=\"admin\" \/>\n\t<meta name=\"twitter:label2\" content=\"Dur\u00e9e de lecture estim\u00e9e\" \/>\n\t<meta name=\"twitter:data2\" content=\"3 minutes\" \/>\n<script type=\"application\/ld+json\" class=\"yoast-schema-graph\">{\"@context\":\"https:\\\/\\\/schema.org\",\"@graph\":[{\"@type\":\"Article\",\"@id\":\"https:\\\/\\\/indr.lu\\\/fr\\\/ald-automotive-luxembourg-certifie-platinum-par-lorganisme-international-ecovadis\\\/#article\",\"isPartOf\":{\"@id\":\"https:\\\/\\\/indr.lu\\\/fr\\\/ald-automotive-luxembourg-certifie-platinum-par-lorganisme-international-ecovadis\\\/\"},\"author\":{\"name\":\"admin\",\"@id\":\"https:\\\/\\\/indr.lu\\\/fr\\\/#\\\/schema\\\/person\\\/23e000806d613af66b535e4e8622d225\"},\"headline\":\"ALD Automotive Luxembourg certifi\u00e9 platinum par l\u2019organisme international ECOVADIS\",\"datePublished\":\"2020-05-04T08:01:23+00:00\",\"dateModified\":\"2021-07-14T08:03:24+00:00\",\"mainEntityOfPage\":{\"@id\":\"https:\\\/\\\/indr.lu\\\/fr\\\/ald-automotive-luxembourg-certifie-platinum-par-lorganisme-international-ecovadis\\\/\"},\"wordCount\":576,\"publisher\":{\"@id\":\"https:\\\/\\\/indr.lu\\\/fr\\\/#organization\"},\"image\":{\"@id\":\"https:\\\/\\\/indr.lu\\\/fr\\\/ald-automotive-luxembourg-certifie-platinum-par-lorganisme-international-ecovadis\\\/#primaryimage\"},\"thumbnailUrl\":\"https:\\\/\\\/indr.lu\\\/wp-content\\\/uploads\\\/2021\\\/07\\\/29-ald-automotive-luxembourg.jpg\",\"articleSection\":[\"Bonnes pratiques\"],\"inLanguage\":\"fr-FR\"},{\"@type\":\"WebPage\",\"@id\":\"https:\\\/\\\/indr.lu\\\/fr\\\/ald-automotive-luxembourg-certifie-platinum-par-lorganisme-international-ecovadis\\\/\",\"url\":\"https:\\\/\\\/indr.lu\\\/fr\\\/ald-automotive-luxembourg-certifie-platinum-par-lorganisme-international-ecovadis\\\/\",\"name\":\"ALD Automotive Luxembourg certifi\u00e9 platinum par l\u2019organisme international ECOVADIS - INDR\",\"isPartOf\":{\"@id\":\"https:\\\/\\\/indr.lu\\\/fr\\\/#website\"},\"primaryImageOfPage\":{\"@id\":\"https:\\\/\\\/indr.lu\\\/fr\\\/ald-automotive-luxembourg-certifie-platinum-par-lorganisme-international-ecovadis\\\/#primaryimage\"},\"image\":{\"@id\":\"https:\\\/\\\/indr.lu\\\/fr\\\/ald-automotive-luxembourg-certifie-platinum-par-lorganisme-international-ecovadis\\\/#primaryimage\"},\"thumbnailUrl\":\"https:\\\/\\\/indr.lu\\\/wp-content\\\/uploads\\\/2021\\\/07\\\/29-ald-automotive-luxembourg.jpg\",\"datePublished\":\"2020-05-04T08:01:23+00:00\",\"dateModified\":\"2021-07-14T08:03:24+00:00\",\"breadcrumb\":{\"@id\":\"https:\\\/\\\/indr.lu\\\/fr\\\/ald-automotive-luxembourg-certifie-platinum-par-lorganisme-international-ecovadis\\\/#breadcrumb\"},\"inLanguage\":\"fr-FR\",\"potentialAction\":[{\"@type\":\"ReadAction\",\"target\":[\"https:\\\/\\\/indr.lu\\\/fr\\\/ald-automotive-luxembourg-certifie-platinum-par-lorganisme-international-ecovadis\\\/\"]}]},{\"@type\":\"ImageObject\",\"inLanguage\":\"fr-FR\",\"@id\":\"https:\\\/\\\/indr.lu\\\/fr\\\/ald-automotive-luxembourg-certifie-platinum-par-lorganisme-international-ecovadis\\\/#primaryimage\",\"url\":\"https:\\\/\\\/indr.lu\\\/wp-content\\\/uploads\\\/2021\\\/07\\\/29-ald-automotive-luxembourg.jpg\",\"contentUrl\":\"https:\\\/\\\/indr.lu\\\/wp-content\\\/uploads\\\/2021\\\/07\\\/29-ald-automotive-luxembourg.jpg\",\"width\":2600,\"height\":1359},{\"@type\":\"BreadcrumbList\",\"@id\":\"https:\\\/\\\/indr.lu\\\/fr\\\/ald-automotive-luxembourg-certifie-platinum-par-lorganisme-international-ecovadis\\\/#breadcrumb\",\"itemListElement\":[{\"@type\":\"ListItem\",\"position\":1,\"name\":\"Home\",\"item\":\"https:\\\/\\\/indr.lu\\\/fr\\\/\"},{\"@type\":\"ListItem\",\"position\":2,\"name\":\"ALD Automotive Luxembourg certifi\u00e9 platinum par l\u2019organisme international ECOVADIS\"}]},{\"@type\":\"WebSite\",\"@id\":\"https:\\\/\\\/indr.lu\\\/fr\\\/#website\",\"url\":\"https:\\\/\\\/indr.lu\\\/fr\\\/\",\"name\":\"INDR\",\"description\":\"Institut national pour le d\u00e9veloppement durable et la RSE\",\"publisher\":{\"@id\":\"https:\\\/\\\/indr.lu\\\/fr\\\/#organization\"},\"potentialAction\":[{\"@type\":\"SearchAction\",\"target\":{\"@type\":\"EntryPoint\",\"urlTemplate\":\"https:\\\/\\\/indr.lu\\\/fr\\\/?s={search_term_string}\"},\"query-input\":{\"@type\":\"PropertyValueSpecification\",\"valueRequired\":true,\"valueName\":\"search_term_string\"}}],\"inLanguage\":\"fr-FR\"},{\"@type\":\"Organization\",\"@id\":\"https:\\\/\\\/indr.lu\\\/fr\\\/#organization\",\"name\":\"INDR\",\"alternateName\":\"L\u2019Institut National pour le D\u00e9veloppement durable et la Responsabilit\u00e9 sociale des entreprises\",\"url\":\"https:\\\/\\\/indr.lu\\\/fr\\\/\",\"logo\":{\"@type\":\"ImageObject\",\"inLanguage\":\"fr-FR\",\"@id\":\"https:\\\/\\\/indr.lu\\\/fr\\\/#\\\/schema\\\/logo\\\/image\\\/\",\"url\":\"https:\\\/\\\/indr.lu\\\/wp-content\\\/uploads\\\/2021\\\/04\\\/indr-logo.svg\",\"contentUrl\":\"https:\\\/\\\/indr.lu\\\/wp-content\\\/uploads\\\/2021\\\/04\\\/indr-logo.svg\",\"width\":\"1024\",\"height\":\"1024\",\"caption\":\"INDR\"},\"image\":{\"@id\":\"https:\\\/\\\/indr.lu\\\/fr\\\/#\\\/schema\\\/logo\\\/image\\\/\"},\"sameAs\":[\"https:\\\/\\\/www.facebook.com\\\/INDR.lu\",\"https:\\\/\\\/www.linkedin.com\\\/company\\\/indr---institut-national-pour-le-d-veloppement-durable-et-la-responsabilit-des-entreprises\\\/\"]},{\"@type\":\"Person\",\"@id\":\"https:\\\/\\\/indr.lu\\\/fr\\\/#\\\/schema\\\/person\\\/23e000806d613af66b535e4e8622d225\",\"name\":\"admin\",\"url\":\"https:\\\/\\\/indr.lu\\\/fr\\\/author\\\/admin\\\/\"}]}<\/script>\n<!-- \/ Yoast SEO plugin. -->","yoast_head_json":{"title":"ALD Automotive Luxembourg certifi\u00e9 platinum par l\u2019organisme international ECOVADIS - INDR","robots":{"index":"index","follow":"follow","max-snippet":"max-snippet:-1","max-image-preview":"max-image-preview:large","max-video-preview":"max-video-preview:-1"},"canonical":"https:\/\/indr.lu\/fr\/ald-automotive-luxembourg-certifie-platinum-par-lorganisme-international-ecovadis\/","og_locale":"fr_FR","og_type":"article","og_title":"ALD Automotive Luxembourg certifi\u00e9 platinum par l\u2019organisme international ECOVADIS - INDR","og_description":"[vc_row type=&#8221;in_container&#8221; full_screen_row_position=&#8221;middle&#8221; column_margin=&#8221;default&#8221; column_direction=&#8221;default&#8221; column_direction_tablet=&#8221;default&#8221; column_direction_phone=&#8221;default&#8221; scene_position=&#8221;center&#8221; text_color=&#8221;dark&#8221; text_align=&#8221;left&#8221; row_border_radius=&#8221;none&#8221; row_border_radius_applies=&#8221;bg&#8221; overlay_strength=&#8221;0.3&#8243; gradient_direction=&#8221;left_to_right&#8221; shape_divider_position=&#8221;bottom&#8221; bg_image_animation=&#8221;none&#8221;][vc_column column_padding=&#8221;no-extra-padding&#8221; column_padding_tablet=&#8221;inherit&#8221; column_padding_phone=&#8221;inherit&#8221; column_padding_position=&#8221;all&#8221; column_element_spacing=&#8221;default&#8221; background_color_opacity=&#8221;1&#8243; background_hover_color_opacity=&#8221;1&#8243; column_shadow=&#8221;none&#8221; column_border_radius=&#8221;none&#8221; column_link_target=&#8221;_self&#8221; gradient_direction=&#8221;left_to_right&#8221; overlay_strength=&#8221;0.3&#8243; width=&#8221;1\/2&#8243; tablet_width_inherit=&#8221;default&#8221;...","og_url":"https:\/\/indr.lu\/fr\/ald-automotive-luxembourg-certifie-platinum-par-lorganisme-international-ecovadis\/","og_site_name":"INDR","article_publisher":"https:\/\/www.facebook.com\/INDR.lu","article_published_time":"2020-05-04T08:01:23+00:00","article_modified_time":"2021-07-14T08:03:24+00:00","og_image":[{"width":2600,"height":1359,"url":"https:\/\/indr.lu\/wp-content\/uploads\/2021\/07\/29-ald-automotive-luxembourg.jpg","type":"image\/jpeg"}],"author":"admin","twitter_card":"summary_large_image","twitter_misc":{"\u00c9crit par":"admin","Dur\u00e9e de lecture estim\u00e9e":"3 minutes"},"schema":{"@context":"https:\/\/schema.org","@graph":[{"@type":"Article","@id":"https:\/\/indr.lu\/fr\/ald-automotive-luxembourg-certifie-platinum-par-lorganisme-international-ecovadis\/#article","isPartOf":{"@id":"https:\/\/indr.lu\/fr\/ald-automotive-luxembourg-certifie-platinum-par-lorganisme-international-ecovadis\/"},"author":{"name":"admin","@id":"https:\/\/indr.lu\/fr\/#\/schema\/person\/23e000806d613af66b535e4e8622d225"},"headline":"ALD Automotive Luxembourg certifi\u00e9 platinum par l\u2019organisme international ECOVADIS","datePublished":"2020-05-04T08:01:23+00:00","dateModified":"2021-07-14T08:03:24+00:00","mainEntityOfPage":{"@id":"https:\/\/indr.lu\/fr\/ald-automotive-luxembourg-certifie-platinum-par-lorganisme-international-ecovadis\/"},"wordCount":576,"publisher":{"@id":"https:\/\/indr.lu\/fr\/#organization"},"image":{"@id":"https:\/\/indr.lu\/fr\/ald-automotive-luxembourg-certifie-platinum-par-lorganisme-international-ecovadis\/#primaryimage"},"thumbnailUrl":"https:\/\/indr.lu\/wp-content\/uploads\/2021\/07\/29-ald-automotive-luxembourg.jpg","articleSection":["Bonnes pratiques"],"inLanguage":"fr-FR"},{"@type":"WebPage","@id":"https:\/\/indr.lu\/fr\/ald-automotive-luxembourg-certifie-platinum-par-lorganisme-international-ecovadis\/","url":"https:\/\/indr.lu\/fr\/ald-automotive-luxembourg-certifie-platinum-par-lorganisme-international-ecovadis\/","name":"ALD Automotive Luxembourg certifi\u00e9 platinum par l\u2019organisme international ECOVADIS - INDR","isPartOf":{"@id":"https:\/\/indr.lu\/fr\/#website"},"primaryImageOfPage":{"@id":"https:\/\/indr.lu\/fr\/ald-automotive-luxembourg-certifie-platinum-par-lorganisme-international-ecovadis\/#primaryimage"},"image":{"@id":"https:\/\/indr.lu\/fr\/ald-automotive-luxembourg-certifie-platinum-par-lorganisme-international-ecovadis\/#primaryimage"},"thumbnailUrl":"https:\/\/indr.lu\/wp-content\/uploads\/2021\/07\/29-ald-automotive-luxembourg.jpg","datePublished":"2020-05-04T08:01:23+00:00","dateModified":"2021-07-14T08:03:24+00:00","breadcrumb":{"@id":"https:\/\/indr.lu\/fr\/ald-automotive-luxembourg-certifie-platinum-par-lorganisme-international-ecovadis\/#breadcrumb"},"inLanguage":"fr-FR","potentialAction":[{"@type":"ReadAction","target":["https:\/\/indr.lu\/fr\/ald-automotive-luxembourg-certifie-platinum-par-lorganisme-international-ecovadis\/"]}]},{"@type":"ImageObject","inLanguage":"fr-FR","@id":"https:\/\/indr.lu\/fr\/ald-automotive-luxembourg-certifie-platinum-par-lorganisme-international-ecovadis\/#primaryimage","url":"https:\/\/indr.lu\/wp-content\/uploads\/2021\/07\/29-ald-automotive-luxembourg.jpg","contentUrl":"https:\/\/indr.lu\/wp-content\/uploads\/2021\/07\/29-ald-automotive-luxembourg.jpg","width":2600,"height":1359},{"@type":"BreadcrumbList","@id":"https:\/\/indr.lu\/fr\/ald-automotive-luxembourg-certifie-platinum-par-lorganisme-international-ecovadis\/#breadcrumb","itemListElement":[{"@type":"ListItem","position":1,"name":"Home","item":"https:\/\/indr.lu\/fr\/"},{"@type":"ListItem","position":2,"name":"ALD Automotive Luxembourg certifi\u00e9 platinum par l\u2019organisme international ECOVADIS"}]},{"@type":"WebSite","@id":"https:\/\/indr.lu\/fr\/#website","url":"https:\/\/indr.lu\/fr\/","name":"INDR","description":"Institut national pour le d\u00e9veloppement durable et la RSE","publisher":{"@id":"https:\/\/indr.lu\/fr\/#organization"},"potentialAction":[{"@type":"SearchAction","target":{"@type":"EntryPoint","urlTemplate":"https:\/\/indr.lu\/fr\/?s={search_term_string}"},"query-input":{"@type":"PropertyValueSpecification","valueRequired":true,"valueName":"search_term_string"}}],"inLanguage":"fr-FR"},{"@type":"Organization","@id":"https:\/\/indr.lu\/fr\/#organization","name":"INDR","alternateName":"L\u2019Institut National pour le D\u00e9veloppement durable et la Responsabilit\u00e9 sociale des entreprises","url":"https:\/\/indr.lu\/fr\/","logo":{"@type":"ImageObject","inLanguage":"fr-FR","@id":"https:\/\/indr.lu\/fr\/#\/schema\/logo\/image\/","url":"https:\/\/indr.lu\/wp-content\/uploads\/2021\/04\/indr-logo.svg","contentUrl":"https:\/\/indr.lu\/wp-content\/uploads\/2021\/04\/indr-logo.svg","width":"1024","height":"1024","caption":"INDR"},"image":{"@id":"https:\/\/indr.lu\/fr\/#\/schema\/logo\/image\/"},"sameAs":["https:\/\/www.facebook.com\/INDR.lu","https:\/\/www.linkedin.com\/company\/indr---institut-national-pour-le-d-veloppement-durable-et-la-responsabilit-des-entreprises\/"]},{"@type":"Person","@id":"https:\/\/indr.lu\/fr\/#\/schema\/person\/23e000806d613af66b535e4e8622d225","name":"admin","url":"https:\/\/indr.lu\/fr\/author\/admin\/"}]}},"_links":{"self":[{"href":"https:\/\/indr.lu\/fr\/wp-json\/wp\/v2\/posts\/12498","targetHints":{"allow":["GET"]}}],"collection":[{"href":"https:\/\/indr.lu\/fr\/wp-json\/wp\/v2\/posts"}],"about":[{"href":"https:\/\/indr.lu\/fr\/wp-json\/wp\/v2\/types\/post"}],"author":[{"embeddable":true,"href":"https:\/\/indr.lu\/fr\/wp-json\/wp\/v2\/users\/35"}],"replies":[{"embeddable":true,"href":"https:\/\/indr.lu\/fr\/wp-json\/wp\/v2\/comments?post=12498"}],"version-history":[{"count":1,"href":"https:\/\/indr.lu\/fr\/wp-json\/wp\/v2\/posts\/12498\/revisions"}],"predecessor-version":[{"id":12501,"href":"https:\/\/indr.lu\/fr\/wp-json\/wp\/v2\/posts\/12498\/revisions\/12501"}],"wp:featuredmedia":[{"embeddable":true,"href":"https:\/\/indr.lu\/fr\/wp-json\/wp\/v2\/media\/12499"}],"wp:attachment":[{"href":"https:\/\/indr.lu\/fr\/wp-json\/wp\/v2\/media?parent=12498"}],"wp:term":[{"taxonomy":"category","embeddable":true,"href":"https:\/\/indr.lu\/fr\/wp-json\/wp\/v2\/categories?post=12498"},{"taxonomy":"post_tag","embeddable":true,"href":"https:\/\/indr.lu\/fr\/wp-json\/wp\/v2\/tags?post=12498"}],"curies":[{"name":"wp","href":"https:\/\/api.w.org\/{rel}","templated":true}]}}