{"id":12745,"date":"2021-09-08T08:53:24","date_gmt":"2021-09-08T08:53:24","guid":{"rendered":"https:\/\/indr.lu\/?p=12745"},"modified":"2024-06-24T13:54:14","modified_gmt":"2024-06-24T13:54:14","slug":"adherez-maintenant-au-pacte-national-entreprises-et-droits-de-lhomme","status":"publish","type":"post","link":"https:\/\/indr.lu\/fr\/adherez-maintenant-au-pacte-national-entreprises-et-droits-de-lhomme\/","title":{"rendered":"Adh\u00e9rez maintenant au Pacte national Entreprises et droits de l\u2019homme"},"content":{"rendered":"[vc_row type=&#8221;in_container&#8221; full_screen_row_position=&#8221;middle&#8221; column_margin=&#8221;default&#8221; column_direction=&#8221;default&#8221; column_direction_tablet=&#8221;default&#8221; column_direction_phone=&#8221;default&#8221; scene_position=&#8221;center&#8221; text_color=&#8221;dark&#8221; text_align=&#8221;center&#8221; row_border_radius=&#8221;none&#8221; row_border_radius_applies=&#8221;bg&#8221; overlay_strength=&#8221;0.3&#8243; gradient_direction=&#8221;left_to_right&#8221; shape_divider_position=&#8221;bottom&#8221; bg_image_animation=&#8221;none&#8221; shape_type=&#8221;&#8221;][vc_column column_padding=&#8221;no-extra-padding&#8221; column_padding_tablet=&#8221;inherit&#8221; column_padding_phone=&#8221;inherit&#8221; column_padding_position=&#8221;all&#8221; column_element_spacing=&#8221;default&#8221; background_color_opacity=&#8221;1&#8243; background_hover_color_opacity=&#8221;1&#8243; column_shadow=&#8221;none&#8221; column_border_radius=&#8221;none&#8221; column_link_target=&#8221;_self&#8221; gradient_direction=&#8221;left_to_right&#8221; overlay_strength=&#8221;0.3&#8243; width=&#8221;2\/3&#8243; tablet_width_inherit=&#8221;default&#8221; tablet_text_alignment=&#8221;default&#8221; phone_text_alignment=&#8221;default&#8221; bg_image_animation=&#8221;none&#8221; border_type=&#8221;simple&#8221; column_border_width=&#8221;none&#8221; column_border_style=&#8221;solid&#8221;][vc_column_text]\n<p style=\"text-align: left;\"><span data-contrast=\"auto\">Lanc\u00e9 en <a href=\"https:\/\/indr.lu\/fr\/lancement-du-pacte-national-entreprises-et-droits-de-lhomme\/\">juillet dernier<\/a><\/span><span data-contrast=\"auto\">, le Pacte national Entreprises et droits de l\u2019homme (E&amp;DH) est un outil d\u2019accompagnement des entreprises dans la mise en \u0153uvre d\u2019une diligence raisonnable (<\/span><i><span data-contrast=\"auto\">due diligence<\/span><\/i><span data-contrast=\"auto\">) dans leur cha\u00eene de valeur. Il s\u2019appuie sur les Principes directeurs des Nations Unies <\/span><span data-contrast=\"auto\">relatifs aux entreprises et aux droits de l\u2019homme.<\/span><span data-ccp-props=\"{}\">\u00a0<\/span><\/p>\n<p style=\"text-align: left;\"><span data-contrast=\"auto\">En adh\u00e9rant au pacte, les entreprises s\u2019engagent ainsi \u00e0 respecter les droits humains, \u00e0 nommer un responsable des droits de l\u2019homme, \u00e0 former les salari\u00e9s concern\u00e9s, et \u00e0 p<\/span><span data-contrast=\"auto\">ublier un rapport standardis\u00e9 sur les mesures mises en \u0153uvre. Les entreprises b\u00e9n\u00e9ficient au besoin d\u2019un accompagnement sur mesure, et d\u2019un retour individualis\u00e9 et confidentiel sur leur rapport par une expert externe, leur permettant ainsi de s\u2019inscrire dans une am\u00e9lioration continue en mati\u00e8re de respect des droits humains. Les premiers rapports sont attendus pour 2023.<\/span><span data-ccp-props=\"{}\">\u00a0<\/span><\/p>\n<p style=\"text-align: left;\"><span data-contrast=\"auto\">Les avantages de la mise en \u0153uvre d\u2019une diligence raisonnable sont multiples pour l\u2019entreprise\u202f: meilleure gestion des risques, une plus grande compr\u00e9hension et transparence de la cha\u00eene de valeur, am\u00e9lioration de la gouvernance, r\u00e9silience, gestion de la r\u00e9putation, avantage comp\u00e9titif, etc.\u00a0<\/span><span data-ccp-props=\"{}\">\u00a0<\/span><\/p>\n<p style=\"text-align: left;\"><span data-contrast=\"auto\">Les engagements li\u00e9s au pacte visent aussi \u00e0 pr\u00e9parer utilement les entreprises en pr\u00e9vision de la publication annonc\u00e9e de la directive europ\u00e9enne sur un devoir de diligence et la responsabilit\u00e9 des entreprises (R\u00e9solution P9 TA(2021)0073).<\/span><span data-ccp-props=\"{}\">\u00a0<\/span><\/p>\n<p style=\"text-align: left;\"><span data-contrast=\"auto\"><span class=\"TrackChangeTextInsertion TrackedChange SCXW110264051 BCX4\"><span class=\"TextRun SCXW110264051 BCX4\" lang=\"FR-FR\" xml:lang=\"FR-FR\" data-contrast=\"auto\"><span class=\"NormalTextRun SCXW110264051 BCX4\">25 entreprises ont d\u00e9j\u00e0 confirm\u00e9 leur engagement<\/span><\/span><\/span><span class=\"TrackChangeTextInsertion TrackedChange SCXW110264051 BCX4\"><span class=\"TextRun SCXW110264051 BCX4\" lang=\"FR-FR\" xml:lang=\"FR-FR\" data-contrast=\"auto\"><span class=\"NormalTextRun SCXW110264051 BCX4\">. Rejoignez-les en adh\u00e9rant au pacte<\/span><\/span><\/span>, il suffit de remplir le formulaire en suivant ce lien\u202f: <\/span><a href=\"https:\/\/gd.lu\/71jTgL\"><span data-contrast=\"none\">https:\/\/gd.lu\/71jTgL<\/span><\/a><span data-ccp-props=\"{}\">\u00a0<\/span><\/p>\n<p style=\"text-align: left;\"><span data-contrast=\"auto\">Retrouvez les informations d\u00e9taill\u00e9es du pacte sur le site d\u00e9di\u00e9 aux entreprises\u202f: <\/span><a href=\"https:\/\/gd.lu\/b3njr3\"><span data-contrast=\"none\">https:\/\/gd.lu\/b3njr3<\/span><\/a><span data-ccp-props=\"{}\">\u00a0<\/span><\/p>\n<p style=\"text-align: left;\"><span data-contrast=\"auto\">Les premi\u00e8re formations sur la mise en \u0153uvre d\u2019une diligence raisonnable auront lieu \u00e0 la House of Training les 7 et 12 octobre prochains\u202f:\u00a0<\/span><\/p>\n<ul style=\"text-align: left;\">\n<li><a href=\"https:\/\/www.houseoftraining.lu\/training\/business-and-human-rights-bhr-4159\" target=\"_blank\" rel=\"noopener\">Business and Human Rights (BHR) \u2013 7 octobre<\/a><\/li>\n<li><a href=\"https:\/\/www.houseoftraining.lu\/training\/entreprise-et-droits-de-lhomme-edh-4158\" target=\"_blank\" rel=\"noopener\">Entreprise et Droits de l\u2019Homme (EDH) \u2013 12 octobre<\/a><\/li>\n<\/ul>\n<p>&nbsp;<\/p>\n<p style=\"text-align: left;\"><span data-contrast=\"auto\">\u00c0 noter que les dirigeants d\u2019entreprises adh\u00e9rant au Pacte seront invit\u00e9s \u00e0 une c\u00e9r\u00e9monie officielle de signature en automne en pr\u00e9sence du Ministre des Affaires \u00e9trang\u00e8res et europ\u00e9ennes.<\/span><span data-ccp-props=\"{}\">\u00a0<\/span><\/p>\n[\/vc_column_text][\/vc_column][vc_column column_padding=&#8221;no-extra-padding&#8221; column_padding_tablet=&#8221;inherit&#8221; column_padding_phone=&#8221;inherit&#8221; column_padding_position=&#8221;all&#8221; column_element_spacing=&#8221;default&#8221; background_color_opacity=&#8221;1&#8243; background_hover_color_opacity=&#8221;1&#8243; column_shadow=&#8221;none&#8221; column_border_radius=&#8221;none&#8221; column_link_target=&#8221;_self&#8221; gradient_direction=&#8221;left_to_right&#8221; overlay_strength=&#8221;0.3&#8243; width=&#8221;1\/3&#8243; tablet_width_inherit=&#8221;default&#8221; tablet_text_alignment=&#8221;default&#8221; phone_text_alignment=&#8221;default&#8221; bg_image_animation=&#8221;none&#8221; border_type=&#8221;simple&#8221; column_border_width=&#8221;none&#8221; column_border_style=&#8221;solid&#8221;][image_with_animation image_url=&#8221;12554&#8243; animation=&#8221;None&#8221; hover_animation=&#8221;none&#8221; alignment=&#8221;center&#8221; img_link_target=&#8221;_blank&#8221; border_radius=&#8221;none&#8221; box_shadow=&#8221;none&#8221; image_loading=&#8221;default&#8221; max_width=&#8221;none&#8221; max_width_mobile=&#8221;default&#8221; img_link=&#8221;https:\/\/maee.gouvernement.lu\/fr\/directions-du-ministere\/affaires-politiques\/droits-de-l-homme\/entreprises-droits-de-l-homme1\/pacte-national-edh.html&#8221; el_class=&#8221;no-scale&#8221;][divider line_type=&#8221;No Line&#8221;][vc_column_text]\n<h3><strong>Les partenaires<\/strong><\/h3>\n[\/vc_column_text][image_with_animation image_url=&#8221;12772&#8243; animation=&#8221;Fade In&#8221; hover_animation=&#8221;none&#8221; alignment=&#8221;center&#8221; border_radius=&#8221;none&#8221; box_shadow=&#8221;none&#8221; image_loading=&#8221;default&#8221; max_width=&#8221;50%&#8221; max_width_mobile=&#8221;default&#8221; el_class=&#8221;no-scale&#8221;][divider line_type=&#8221;No Line&#8221;][image_with_animation image_url=&#8221;9485&#8243; animation=&#8221;Fade In&#8221; hover_animation=&#8221;none&#8221; alignment=&#8221;center&#8221; border_radius=&#8221;none&#8221; box_shadow=&#8221;none&#8221; image_loading=&#8221;default&#8221; max_width=&#8221;custom&#8221; el_class=&#8221;no-scale&#8221; max_width_custom=&#8221;140&#8243;][divider line_type=&#8221;No Line&#8221;][image_with_animation image_url=&#8221;11634&#8243; animation=&#8221;Fade In&#8221; hover_animation=&#8221;none&#8221; alignment=&#8221;center&#8221; border_radius=&#8221;none&#8221; box_shadow=&#8221;none&#8221; image_loading=&#8221;default&#8221; max_width=&#8221;custom&#8221; el_class=&#8221;no-scale&#8221; max_width_custom=&#8221;120&#8243;][\/vc_column][\/vc_row]\n","protected":false},"excerpt":{"rendered":"<p>[vc_row type=&#8221;in_container&#8221; full_screen_row_position=&#8221;middle&#8221; column_margin=&#8221;default&#8221; column_direction=&#8221;default&#8221; column_direction_tablet=&#8221;default&#8221; column_direction_phone=&#8221;default&#8221; scene_position=&#8221;center&#8221; text_color=&#8221;dark&#8221; text_align=&#8221;center&#8221; row_border_radius=&#8221;none&#8221; row_border_radius_applies=&#8221;bg&#8221; overlay_strength=&#8221;0.3&#8243; gradient_direction=&#8221;left_to_right&#8221; shape_divider_position=&#8221;bottom&#8221; bg_image_animation=&#8221;none&#8221; shape_type=&#8221;&#8221;][vc_column column_padding=&#8221;no-extra-padding&#8221; column_padding_tablet=&#8221;inherit&#8221; column_padding_phone=&#8221;inherit&#8221; column_padding_position=&#8221;all&#8221; column_element_spacing=&#8221;default&#8221; background_color_opacity=&#8221;1&#8243; background_hover_color_opacity=&#8221;1&#8243; column_shadow=&#8221;none&#8221; column_border_radius=&#8221;none&#8221; column_link_target=&#8221;_self&#8221; gradient_direction=&#8221;left_to_right&#8221; overlay_strength=&#8221;0.3&#8243; width=&#8221;2\/3&#8243;&#8230;<\/p>\n","protected":false},"author":35,"featured_media":12760,"comment_status":"closed","ping_status":"closed","sticky":false,"template":"","format":"standard","meta":{"_acf_changed":false,"inline_featured_image":false,"footnotes":""},"categories":[176],"tags":[],"class_list":{"0":"post-12745","1":"post","2":"type-post","3":"status-publish","4":"format-standard","5":"has-post-thumbnail","7":"category-actualites-rse-au-luxembourg"},"acf":[],"yoast_head":"<!-- This site is optimized with the Yoast SEO plugin v27.5 - https:\/\/yoast.com\/product\/yoast-seo-wordpress\/ -->\n<title>Adh\u00e9rez maintenant au Pacte national Entreprises et droits de l\u2019homme - INDR<\/title>\n<meta name=\"robots\" content=\"index, follow, max-snippet:-1, max-image-preview:large, max-video-preview:-1\" \/>\n<link rel=\"canonical\" href=\"https:\/\/indr.lu\/fr\/adherez-maintenant-au-pacte-national-entreprises-et-droits-de-lhomme\/\" \/>\n<meta property=\"og:locale\" content=\"fr_FR\" \/>\n<meta property=\"og:type\" content=\"article\" \/>\n<meta property=\"og:title\" content=\"Adh\u00e9rez maintenant au Pacte national Entreprises et droits de l\u2019homme - INDR\" \/>\n<meta property=\"og:description\" content=\"[vc_row type=&#8221;in_container&#8221; full_screen_row_position=&#8221;middle&#8221; column_margin=&#8221;default&#8221; column_direction=&#8221;default&#8221; column_direction_tablet=&#8221;default&#8221; column_direction_phone=&#8221;default&#8221; scene_position=&#8221;center&#8221; text_color=&#8221;dark&#8221; text_align=&#8221;center&#8221; row_border_radius=&#8221;none&#8221; row_border_radius_applies=&#8221;bg&#8221; overlay_strength=&#8221;0.3&#8243; gradient_direction=&#8221;left_to_right&#8221; shape_divider_position=&#8221;bottom&#8221; bg_image_animation=&#8221;none&#8221; shape_type=&#8221;&#8221;][vc_column column_padding=&#8221;no-extra-padding&#8221; column_padding_tablet=&#8221;inherit&#8221; column_padding_phone=&#8221;inherit&#8221; column_padding_position=&#8221;all&#8221; column_element_spacing=&#8221;default&#8221; background_color_opacity=&#8221;1&#8243; background_hover_color_opacity=&#8221;1&#8243; column_shadow=&#8221;none&#8221; column_border_radius=&#8221;none&#8221; column_link_target=&#8221;_self&#8221; gradient_direction=&#8221;left_to_right&#8221; overlay_strength=&#8221;0.3&#8243; width=&#8221;2\/3&#8243;...\" \/>\n<meta property=\"og:url\" content=\"https:\/\/indr.lu\/fr\/adherez-maintenant-au-pacte-national-entreprises-et-droits-de-lhomme\/\" \/>\n<meta property=\"og:site_name\" content=\"INDR\" \/>\n<meta property=\"article:publisher\" content=\"https:\/\/www.facebook.com\/INDR.lu\" \/>\n<meta property=\"article:published_time\" content=\"2021-09-08T08:53:24+00:00\" \/>\n<meta property=\"article:modified_time\" content=\"2024-06-24T13:54:14+00:00\" \/>\n<meta property=\"og:image\" content=\"https:\/\/indr.lu\/wp-content\/uploads\/2021\/09\/28f36803-da8d-450a-be88-012e9ea81ce6.jpg\" \/>\n\t<meta property=\"og:image:width\" content=\"800\" \/>\n\t<meta property=\"og:image:height\" content=\"534\" \/>\n\t<meta property=\"og:image:type\" content=\"image\/jpeg\" \/>\n<meta name=\"author\" content=\"admin\" \/>\n<meta name=\"twitter:card\" content=\"summary_large_image\" \/>\n<meta name=\"twitter:label1\" content=\"\u00c9crit par\" \/>\n\t<meta name=\"twitter:data1\" content=\"admin\" \/>\n\t<meta name=\"twitter:label2\" content=\"Dur\u00e9e de lecture estim\u00e9e\" \/>\n\t<meta name=\"twitter:data2\" content=\"4 minutes\" \/>\n<script type=\"application\/ld+json\" class=\"yoast-schema-graph\">{\"@context\":\"https:\\\/\\\/schema.org\",\"@graph\":[{\"@type\":\"Article\",\"@id\":\"https:\\\/\\\/indr.lu\\\/fr\\\/adherez-maintenant-au-pacte-national-entreprises-et-droits-de-lhomme\\\/#article\",\"isPartOf\":{\"@id\":\"https:\\\/\\\/indr.lu\\\/fr\\\/adherez-maintenant-au-pacte-national-entreprises-et-droits-de-lhomme\\\/\"},\"author\":{\"name\":\"admin\",\"@id\":\"https:\\\/\\\/indr.lu\\\/fr\\\/#\\\/schema\\\/person\\\/23e000806d613af66b535e4e8622d225\"},\"headline\":\"Adh\u00e9rez maintenant au Pacte national Entreprises et droits de l\u2019homme\",\"datePublished\":\"2021-09-08T08:53:24+00:00\",\"dateModified\":\"2024-06-24T13:54:14+00:00\",\"mainEntityOfPage\":{\"@id\":\"https:\\\/\\\/indr.lu\\\/fr\\\/adherez-maintenant-au-pacte-national-entreprises-et-droits-de-lhomme\\\/\"},\"wordCount\":753,\"publisher\":{\"@id\":\"https:\\\/\\\/indr.lu\\\/fr\\\/#organization\"},\"image\":{\"@id\":\"https:\\\/\\\/indr.lu\\\/fr\\\/adherez-maintenant-au-pacte-national-entreprises-et-droits-de-lhomme\\\/#primaryimage\"},\"thumbnailUrl\":\"https:\\\/\\\/indr.lu\\\/wp-content\\\/uploads\\\/2021\\\/09\\\/28f36803-da8d-450a-be88-012e9ea81ce6.jpg\",\"articleSection\":[\"Actualit\u00e9s RSE au Luxembourg\"],\"inLanguage\":\"fr-FR\"},{\"@type\":\"WebPage\",\"@id\":\"https:\\\/\\\/indr.lu\\\/fr\\\/adherez-maintenant-au-pacte-national-entreprises-et-droits-de-lhomme\\\/\",\"url\":\"https:\\\/\\\/indr.lu\\\/fr\\\/adherez-maintenant-au-pacte-national-entreprises-et-droits-de-lhomme\\\/\",\"name\":\"Adh\u00e9rez maintenant au Pacte national Entreprises et droits de l\u2019homme - INDR\",\"isPartOf\":{\"@id\":\"https:\\\/\\\/indr.lu\\\/fr\\\/#website\"},\"primaryImageOfPage\":{\"@id\":\"https:\\\/\\\/indr.lu\\\/fr\\\/adherez-maintenant-au-pacte-national-entreprises-et-droits-de-lhomme\\\/#primaryimage\"},\"image\":{\"@id\":\"https:\\\/\\\/indr.lu\\\/fr\\\/adherez-maintenant-au-pacte-national-entreprises-et-droits-de-lhomme\\\/#primaryimage\"},\"thumbnailUrl\":\"https:\\\/\\\/indr.lu\\\/wp-content\\\/uploads\\\/2021\\\/09\\\/28f36803-da8d-450a-be88-012e9ea81ce6.jpg\",\"datePublished\":\"2021-09-08T08:53:24+00:00\",\"dateModified\":\"2024-06-24T13:54:14+00:00\",\"breadcrumb\":{\"@id\":\"https:\\\/\\\/indr.lu\\\/fr\\\/adherez-maintenant-au-pacte-national-entreprises-et-droits-de-lhomme\\\/#breadcrumb\"},\"inLanguage\":\"fr-FR\",\"potentialAction\":[{\"@type\":\"ReadAction\",\"target\":[\"https:\\\/\\\/indr.lu\\\/fr\\\/adherez-maintenant-au-pacte-national-entreprises-et-droits-de-lhomme\\\/\"]}]},{\"@type\":\"ImageObject\",\"inLanguage\":\"fr-FR\",\"@id\":\"https:\\\/\\\/indr.lu\\\/fr\\\/adherez-maintenant-au-pacte-national-entreprises-et-droits-de-lhomme\\\/#primaryimage\",\"url\":\"https:\\\/\\\/indr.lu\\\/wp-content\\\/uploads\\\/2021\\\/09\\\/28f36803-da8d-450a-be88-012e9ea81ce6.jpg\",\"contentUrl\":\"https:\\\/\\\/indr.lu\\\/wp-content\\\/uploads\\\/2021\\\/09\\\/28f36803-da8d-450a-be88-012e9ea81ce6.jpg\",\"width\":800,\"height\":534},{\"@type\":\"BreadcrumbList\",\"@id\":\"https:\\\/\\\/indr.lu\\\/fr\\\/adherez-maintenant-au-pacte-national-entreprises-et-droits-de-lhomme\\\/#breadcrumb\",\"itemListElement\":[{\"@type\":\"ListItem\",\"position\":1,\"name\":\"Home\",\"item\":\"https:\\\/\\\/indr.lu\\\/fr\\\/\"},{\"@type\":\"ListItem\",\"position\":2,\"name\":\"Adh\u00e9rez maintenant au Pacte national Entreprises et droits de l\u2019homme\"}]},{\"@type\":\"WebSite\",\"@id\":\"https:\\\/\\\/indr.lu\\\/fr\\\/#website\",\"url\":\"https:\\\/\\\/indr.lu\\\/fr\\\/\",\"name\":\"INDR\",\"description\":\"Institut national pour le d\u00e9veloppement durable et la RSE\",\"publisher\":{\"@id\":\"https:\\\/\\\/indr.lu\\\/fr\\\/#organization\"},\"potentialAction\":[{\"@type\":\"SearchAction\",\"target\":{\"@type\":\"EntryPoint\",\"urlTemplate\":\"https:\\\/\\\/indr.lu\\\/fr\\\/?s={search_term_string}\"},\"query-input\":{\"@type\":\"PropertyValueSpecification\",\"valueRequired\":true,\"valueName\":\"search_term_string\"}}],\"inLanguage\":\"fr-FR\"},{\"@type\":\"Organization\",\"@id\":\"https:\\\/\\\/indr.lu\\\/fr\\\/#organization\",\"name\":\"INDR\",\"alternateName\":\"L\u2019Institut National pour le D\u00e9veloppement durable et la Responsabilit\u00e9 sociale des entreprises\",\"url\":\"https:\\\/\\\/indr.lu\\\/fr\\\/\",\"logo\":{\"@type\":\"ImageObject\",\"inLanguage\":\"fr-FR\",\"@id\":\"https:\\\/\\\/indr.lu\\\/fr\\\/#\\\/schema\\\/logo\\\/image\\\/\",\"url\":\"https:\\\/\\\/indr.lu\\\/wp-content\\\/uploads\\\/2021\\\/04\\\/indr-logo.svg\",\"contentUrl\":\"https:\\\/\\\/indr.lu\\\/wp-content\\\/uploads\\\/2021\\\/04\\\/indr-logo.svg\",\"width\":\"1024\",\"height\":\"1024\",\"caption\":\"INDR\"},\"image\":{\"@id\":\"https:\\\/\\\/indr.lu\\\/fr\\\/#\\\/schema\\\/logo\\\/image\\\/\"},\"sameAs\":[\"https:\\\/\\\/www.facebook.com\\\/INDR.lu\",\"https:\\\/\\\/www.linkedin.com\\\/company\\\/indr---institut-national-pour-le-d-veloppement-durable-et-la-responsabilit-des-entreprises\\\/\"]},{\"@type\":\"Person\",\"@id\":\"https:\\\/\\\/indr.lu\\\/fr\\\/#\\\/schema\\\/person\\\/23e000806d613af66b535e4e8622d225\",\"name\":\"admin\",\"url\":\"https:\\\/\\\/indr.lu\\\/fr\\\/author\\\/admin\\\/\"}]}<\/script>\n<!-- \/ Yoast SEO plugin. -->","yoast_head_json":{"title":"Adh\u00e9rez maintenant au Pacte national Entreprises et droits de l\u2019homme - INDR","robots":{"index":"index","follow":"follow","max-snippet":"max-snippet:-1","max-image-preview":"max-image-preview:large","max-video-preview":"max-video-preview:-1"},"canonical":"https:\/\/indr.lu\/fr\/adherez-maintenant-au-pacte-national-entreprises-et-droits-de-lhomme\/","og_locale":"fr_FR","og_type":"article","og_title":"Adh\u00e9rez maintenant au Pacte national Entreprises et droits de l\u2019homme - INDR","og_description":"[vc_row type=&#8221;in_container&#8221; full_screen_row_position=&#8221;middle&#8221; column_margin=&#8221;default&#8221; column_direction=&#8221;default&#8221; column_direction_tablet=&#8221;default&#8221; column_direction_phone=&#8221;default&#8221; scene_position=&#8221;center&#8221; text_color=&#8221;dark&#8221; text_align=&#8221;center&#8221; row_border_radius=&#8221;none&#8221; row_border_radius_applies=&#8221;bg&#8221; overlay_strength=&#8221;0.3&#8243; gradient_direction=&#8221;left_to_right&#8221; shape_divider_position=&#8221;bottom&#8221; bg_image_animation=&#8221;none&#8221; shape_type=&#8221;&#8221;][vc_column column_padding=&#8221;no-extra-padding&#8221; column_padding_tablet=&#8221;inherit&#8221; column_padding_phone=&#8221;inherit&#8221; column_padding_position=&#8221;all&#8221; column_element_spacing=&#8221;default&#8221; background_color_opacity=&#8221;1&#8243; background_hover_color_opacity=&#8221;1&#8243; column_shadow=&#8221;none&#8221; column_border_radius=&#8221;none&#8221; column_link_target=&#8221;_self&#8221; gradient_direction=&#8221;left_to_right&#8221; overlay_strength=&#8221;0.3&#8243; width=&#8221;2\/3&#8243;...","og_url":"https:\/\/indr.lu\/fr\/adherez-maintenant-au-pacte-national-entreprises-et-droits-de-lhomme\/","og_site_name":"INDR","article_publisher":"https:\/\/www.facebook.com\/INDR.lu","article_published_time":"2021-09-08T08:53:24+00:00","article_modified_time":"2024-06-24T13:54:14+00:00","og_image":[{"width":800,"height":534,"url":"https:\/\/indr.lu\/wp-content\/uploads\/2021\/09\/28f36803-da8d-450a-be88-012e9ea81ce6.jpg","type":"image\/jpeg"}],"author":"admin","twitter_card":"summary_large_image","twitter_misc":{"\u00c9crit par":"admin","Dur\u00e9e de lecture estim\u00e9e":"4 minutes"},"schema":{"@context":"https:\/\/schema.org","@graph":[{"@type":"Article","@id":"https:\/\/indr.lu\/fr\/adherez-maintenant-au-pacte-national-entreprises-et-droits-de-lhomme\/#article","isPartOf":{"@id":"https:\/\/indr.lu\/fr\/adherez-maintenant-au-pacte-national-entreprises-et-droits-de-lhomme\/"},"author":{"name":"admin","@id":"https:\/\/indr.lu\/fr\/#\/schema\/person\/23e000806d613af66b535e4e8622d225"},"headline":"Adh\u00e9rez maintenant au Pacte national Entreprises et droits de l\u2019homme","datePublished":"2021-09-08T08:53:24+00:00","dateModified":"2024-06-24T13:54:14+00:00","mainEntityOfPage":{"@id":"https:\/\/indr.lu\/fr\/adherez-maintenant-au-pacte-national-entreprises-et-droits-de-lhomme\/"},"wordCount":753,"publisher":{"@id":"https:\/\/indr.lu\/fr\/#organization"},"image":{"@id":"https:\/\/indr.lu\/fr\/adherez-maintenant-au-pacte-national-entreprises-et-droits-de-lhomme\/#primaryimage"},"thumbnailUrl":"https:\/\/indr.lu\/wp-content\/uploads\/2021\/09\/28f36803-da8d-450a-be88-012e9ea81ce6.jpg","articleSection":["Actualit\u00e9s RSE au Luxembourg"],"inLanguage":"fr-FR"},{"@type":"WebPage","@id":"https:\/\/indr.lu\/fr\/adherez-maintenant-au-pacte-national-entreprises-et-droits-de-lhomme\/","url":"https:\/\/indr.lu\/fr\/adherez-maintenant-au-pacte-national-entreprises-et-droits-de-lhomme\/","name":"Adh\u00e9rez maintenant au Pacte national Entreprises et droits de l\u2019homme - INDR","isPartOf":{"@id":"https:\/\/indr.lu\/fr\/#website"},"primaryImageOfPage":{"@id":"https:\/\/indr.lu\/fr\/adherez-maintenant-au-pacte-national-entreprises-et-droits-de-lhomme\/#primaryimage"},"image":{"@id":"https:\/\/indr.lu\/fr\/adherez-maintenant-au-pacte-national-entreprises-et-droits-de-lhomme\/#primaryimage"},"thumbnailUrl":"https:\/\/indr.lu\/wp-content\/uploads\/2021\/09\/28f36803-da8d-450a-be88-012e9ea81ce6.jpg","datePublished":"2021-09-08T08:53:24+00:00","dateModified":"2024-06-24T13:54:14+00:00","breadcrumb":{"@id":"https:\/\/indr.lu\/fr\/adherez-maintenant-au-pacte-national-entreprises-et-droits-de-lhomme\/#breadcrumb"},"inLanguage":"fr-FR","potentialAction":[{"@type":"ReadAction","target":["https:\/\/indr.lu\/fr\/adherez-maintenant-au-pacte-national-entreprises-et-droits-de-lhomme\/"]}]},{"@type":"ImageObject","inLanguage":"fr-FR","@id":"https:\/\/indr.lu\/fr\/adherez-maintenant-au-pacte-national-entreprises-et-droits-de-lhomme\/#primaryimage","url":"https:\/\/indr.lu\/wp-content\/uploads\/2021\/09\/28f36803-da8d-450a-be88-012e9ea81ce6.jpg","contentUrl":"https:\/\/indr.lu\/wp-content\/uploads\/2021\/09\/28f36803-da8d-450a-be88-012e9ea81ce6.jpg","width":800,"height":534},{"@type":"BreadcrumbList","@id":"https:\/\/indr.lu\/fr\/adherez-maintenant-au-pacte-national-entreprises-et-droits-de-lhomme\/#breadcrumb","itemListElement":[{"@type":"ListItem","position":1,"name":"Home","item":"https:\/\/indr.lu\/fr\/"},{"@type":"ListItem","position":2,"name":"Adh\u00e9rez maintenant au Pacte national Entreprises et droits de l\u2019homme"}]},{"@type":"WebSite","@id":"https:\/\/indr.lu\/fr\/#website","url":"https:\/\/indr.lu\/fr\/","name":"INDR","description":"Institut national pour le d\u00e9veloppement durable et la RSE","publisher":{"@id":"https:\/\/indr.lu\/fr\/#organization"},"potentialAction":[{"@type":"SearchAction","target":{"@type":"EntryPoint","urlTemplate":"https:\/\/indr.lu\/fr\/?s={search_term_string}"},"query-input":{"@type":"PropertyValueSpecification","valueRequired":true,"valueName":"search_term_string"}}],"inLanguage":"fr-FR"},{"@type":"Organization","@id":"https:\/\/indr.lu\/fr\/#organization","name":"INDR","alternateName":"L\u2019Institut National pour le D\u00e9veloppement durable et la Responsabilit\u00e9 sociale des entreprises","url":"https:\/\/indr.lu\/fr\/","logo":{"@type":"ImageObject","inLanguage":"fr-FR","@id":"https:\/\/indr.lu\/fr\/#\/schema\/logo\/image\/","url":"https:\/\/indr.lu\/wp-content\/uploads\/2021\/04\/indr-logo.svg","contentUrl":"https:\/\/indr.lu\/wp-content\/uploads\/2021\/04\/indr-logo.svg","width":"1024","height":"1024","caption":"INDR"},"image":{"@id":"https:\/\/indr.lu\/fr\/#\/schema\/logo\/image\/"},"sameAs":["https:\/\/www.facebook.com\/INDR.lu","https:\/\/www.linkedin.com\/company\/indr---institut-national-pour-le-d-veloppement-durable-et-la-responsabilit-des-entreprises\/"]},{"@type":"Person","@id":"https:\/\/indr.lu\/fr\/#\/schema\/person\/23e000806d613af66b535e4e8622d225","name":"admin","url":"https:\/\/indr.lu\/fr\/author\/admin\/"}]}},"_links":{"self":[{"href":"https:\/\/indr.lu\/fr\/wp-json\/wp\/v2\/posts\/12745","targetHints":{"allow":["GET"]}}],"collection":[{"href":"https:\/\/indr.lu\/fr\/wp-json\/wp\/v2\/posts"}],"about":[{"href":"https:\/\/indr.lu\/fr\/wp-json\/wp\/v2\/types\/post"}],"author":[{"embeddable":true,"href":"https:\/\/indr.lu\/fr\/wp-json\/wp\/v2\/users\/35"}],"replies":[{"embeddable":true,"href":"https:\/\/indr.lu\/fr\/wp-json\/wp\/v2\/comments?post=12745"}],"version-history":[{"count":21,"href":"https:\/\/indr.lu\/fr\/wp-json\/wp\/v2\/posts\/12745\/revisions"}],"predecessor-version":[{"id":12768,"href":"https:\/\/indr.lu\/fr\/wp-json\/wp\/v2\/posts\/12745\/revisions\/12768"}],"wp:featuredmedia":[{"embeddable":true,"href":"https:\/\/indr.lu\/fr\/wp-json\/wp\/v2\/media\/12760"}],"wp:attachment":[{"href":"https:\/\/indr.lu\/fr\/wp-json\/wp\/v2\/media?parent=12745"}],"wp:term":[{"taxonomy":"category","embeddable":true,"href":"https:\/\/indr.lu\/fr\/wp-json\/wp\/v2\/categories?post=12745"},{"taxonomy":"post_tag","embeddable":true,"href":"https:\/\/indr.lu\/fr\/wp-json\/wp\/v2\/tags?post=12745"}],"curies":[{"name":"wp","href":"https:\/\/api.w.org\/{rel}","templated":true}]}}