{"id":13092,"date":"2021-11-30T09:32:23","date_gmt":"2021-11-30T09:32:23","guid":{"rendered":"https:\/\/indr.lu\/?p=13092"},"modified":"2021-12-02T09:39:03","modified_gmt":"2021-12-02T09:39:03","slug":"14ieme-edition-du-forum-de-la-securite-et-de-la-sante-au-travail","status":"publish","type":"post","link":"https:\/\/indr.lu\/fr\/14ieme-edition-du-forum-de-la-securite-et-de-la-sante-au-travail\/","title":{"rendered":"14i\u00e8me \u00e9dition du\u00a0Forum de la s\u00e9curit\u00e9 et de la sant\u00e9 au travail"},"content":{"rendered":"[vc_row type=&#8221;in_container&#8221; full_screen_row_position=&#8221;middle&#8221; column_margin=&#8221;default&#8221; column_direction=&#8221;default&#8221; column_direction_tablet=&#8221;default&#8221; column_direction_phone=&#8221;default&#8221; scene_position=&#8221;center&#8221; text_color=&#8221;dark&#8221; text_align=&#8221;left&#8221; row_border_radius=&#8221;none&#8221; row_border_radius_applies=&#8221;bg&#8221; overlay_strength=&#8221;0.3&#8243; gradient_direction=&#8221;left_to_right&#8221; shape_divider_position=&#8221;bottom&#8221; bg_image_animation=&#8221;none&#8221;][vc_column column_padding=&#8221;no-extra-padding&#8221; column_padding_tablet=&#8221;inherit&#8221; column_padding_phone=&#8221;inherit&#8221; column_padding_position=&#8221;all&#8221; column_element_spacing=&#8221;default&#8221; background_color_opacity=&#8221;1&#8243; background_hover_color_opacity=&#8221;1&#8243; column_shadow=&#8221;none&#8221; column_border_radius=&#8221;none&#8221; column_link_target=&#8221;_self&#8221; gradient_direction=&#8221;left_to_right&#8221; overlay_strength=&#8221;0.3&#8243; width=&#8221;1\/1&#8243; tablet_width_inherit=&#8221;default&#8221; tablet_text_alignment=&#8221;default&#8221; phone_text_alignment=&#8221;default&#8221; bg_image_animation=&#8221;none&#8221; border_type=&#8221;simple&#8221; column_border_width=&#8221;none&#8221; column_border_style=&#8221;solid&#8221;][vc_column_text]\n<h6><em>Communiqu\u00e9 de presse<\/em><\/h6>\n[\/vc_column_text][\/vc_column][\/vc_row][vc_row type=&#8221;in_container&#8221; full_screen_row_position=&#8221;middle&#8221; column_margin=&#8221;default&#8221; column_direction=&#8221;default&#8221; column_direction_tablet=&#8221;default&#8221; column_direction_phone=&#8221;default&#8221; scene_position=&#8221;center&#8221; text_color=&#8221;dark&#8221; text_align=&#8221;left&#8221; row_border_radius=&#8221;none&#8221; row_border_radius_applies=&#8221;bg&#8221; overlay_strength=&#8221;0.3&#8243; gradient_direction=&#8221;left_to_right&#8221; shape_divider_position=&#8221;bottom&#8221; bg_image_animation=&#8221;none&#8221;][vc_column column_padding=&#8221;no-extra-padding&#8221; column_padding_tablet=&#8221;inherit&#8221; column_padding_phone=&#8221;inherit&#8221; column_padding_position=&#8221;all&#8221; column_element_spacing=&#8221;default&#8221; background_color_opacity=&#8221;1&#8243; background_hover_color_opacity=&#8221;1&#8243; column_shadow=&#8221;none&#8221; column_border_radius=&#8221;none&#8221; column_link_target=&#8221;_self&#8221; gradient_direction=&#8221;left_to_right&#8221; overlay_strength=&#8221;0.3&#8243; width=&#8221;2\/3&#8243; tablet_width_inherit=&#8221;default&#8221; tablet_text_alignment=&#8221;default&#8221; phone_text_alignment=&#8221;default&#8221; bg_image_animation=&#8221;none&#8221; border_type=&#8221;simple&#8221; column_border_width=&#8221;none&#8221; column_border_style=&#8221;solid&#8221;][vc_column_text]Le Forum de la s\u00e9curit\u00e9 et de la sant\u00e9 au travail s\u2019est d\u00e9roul\u00e9 le 23 novembre 2021 pour la premi\u00e8re fois sous format d\u2019une conf\u00e9rence virtuelle \u00e0 la Chambre de Commerce. Au cours de la journ\u00e9e, un public de <strong>plus de 400 internautes ont suivi simultan\u00e9ment la conf\u00e9rence<\/strong>. En total, quelque <strong>750 personnes se sont inscrites<\/strong>.<\/p>\n<p>L\u2019organisation du Forum SST a \u00e9t\u00e9 assur\u00e9e par les initiateurs de la VISION ZERO au Luxembourg\u00a0: l\u2019Association d\u2019assurance accident, l\u2019Union des Entreprises Luxembourgeoises et l\u2019Institut National pour le D\u00e9veloppement durable et la RSE en collaboration avec les partenaires\u00a0suivants\u00a0: l\u2019Organisme allemand d\u2019assurance accident pour les secteurs de l\u2019\u00e9nergie, du textile, des produits \u00e9lectriques et des m\u00e9dias (BG ETEM) et de la section \u00c9lectricit\u00e9 de l\u2019Association internationale de la s\u00e9curit\u00e9 sociale (ISSA). En raison de sa port\u00e9e internationale, une interpr\u00e9tation simultan\u00e9e <strong>en 3 langues<\/strong> (fran\u00e7ais, anglais et allemand) \u00e9tait assur\u00e9e.<\/p>\n<p>Plus de <strong>30 orateurs nationaux et internationaux<\/strong> sont intervenus soit sur sc\u00e8ne, soit via message vid\u00e9o ou en direct via Visio. Les ministres partenaires M. Romain Schneider (MSS), M. Dan Kersch (MTEESS) et Mme Paulette Lenert (MS) ont pu s\u2019adresser aux participants du Forum en introduction des modules 2 \u00e0 4. L\u2019ouverture et la cl\u00f4ture du Forum ont \u00e9t\u00e9 anim\u00e9s par les organisateurs, l\u2019AAA, l\u2019UEL, l\u2019INDR, la BG ETEM et la section \u00c9lectricit\u00e9 de l\u2019ISSA.<\/p>\n<p>La journ\u00e9e \u00e9tait r\u00e9partie en <strong>4 modules<\/strong> : le module 1 avait pour sujet la VISION ZERO au Luxembourg et au niveau international, le module 2 a trait\u00e9 les tendances actuelles de la s\u00e9curit\u00e9 au travail, plus particuli\u00e8rement en ce qui concerne les syst\u00e8mes de management et de formation. Le module 3 a quant \u00e0 lui mis l\u2019accent sur la SST et les droits de l\u2019homme dans les cha\u00eenes de valeur en lien avec la RSE et pour cl\u00f4turer, le module 4 a abord\u00e9 un sujet tr\u00e8s actuel\u00a0: la protection de la sant\u00e9 sur le lieu du travail et en situation de t\u00e9l\u00e9travail.<\/p>\n<p>Le programme peut \u00eatre consult\u00e9 sous <a href=\"https:\/\/visionzero.lu\/forum-sst\/\">https:\/\/visionzero.lu\/forum-sst\/<\/a><\/p>\n<p>Si vous n\u2019avez pas pu suivre l\u2019\u00e9v\u00e9nement, nous vous invitons vivement \u00e0 consulter le <strong>Replay<\/strong> qui est r\u00e9parti en 6 parties (ouverture, modules 1 \u00e0 4 et cl\u00f4ture) en vous enregistrant sur la plateforme de streaming\u00a0: <a href=\"https:\/\/streaming.bce.lu\/2021\/forum-sst-visionzero\/34\/#\/register\">https:\/\/streaming.bce.lu\/2021\/forum-sst-visionzero\/34\/#\/register<\/a><\/p>\n<p>Si vous avez assist\u00e9 au Forum, vous pouvez revoir le Forum tout ou en partie avec les m\u00eames codes d\u2019acc\u00e8s que vous avez utilis\u00e9s pour le streaming. Le Replay est \u00e9galement accessible en 3 langues (FR, EN, DE) ou en version originale, donc la langue parl\u00e9e sur sc\u00e8ne.<\/p>\n<p>Nous vous serions reconnaissants si vous pourriez participer \u00e0 notre <strong>sondage<\/strong> apr\u00e8s votre participation ou apr\u00e8s avoir visionn\u00e9 le Replay\u00a0: <a href=\"https:\/\/fr.surveymonkey.com\/r\/NNX5NST\">https:\/\/fr.surveymonkey.com\/r\/NNX5NST<\/a>.<\/p>\n<p>Nous tenons express\u00e9ment \u00e0 remercier nos partenaires du Forum 2021\u00a0ainsi que les nombreux intervenants et participants. Nous vous donnons d\u00e9j\u00e0 rendez-vous \u00e0 la <strong>15<sup>i\u00e8me <\/sup>\u00e9dition du Forum SST grand format <\/strong><strong>qui aura lieu le<\/strong><strong> 26 octobre 2022<\/strong>.<\/p>\n<p><em>Luxembourg, le 30 novembre 2021<\/em>[\/vc_column_text][\/vc_column][vc_column column_padding=&#8221;no-extra-padding&#8221; column_padding_tablet=&#8221;inherit&#8221; column_padding_phone=&#8221;inherit&#8221; column_padding_position=&#8221;all&#8221; column_element_spacing=&#8221;default&#8221; background_color_opacity=&#8221;1&#8243; background_hover_color_opacity=&#8221;1&#8243; column_shadow=&#8221;none&#8221; column_border_radius=&#8221;none&#8221; column_link_target=&#8221;_self&#8221; gradient_direction=&#8221;left_to_right&#8221; overlay_strength=&#8221;0.3&#8243; width=&#8221;1\/3&#8243; tablet_width_inherit=&#8221;default&#8221; tablet_text_alignment=&#8221;default&#8221; phone_text_alignment=&#8221;default&#8221; bg_image_animation=&#8221;none&#8221; border_type=&#8221;simple&#8221; column_border_width=&#8221;none&#8221; column_border_style=&#8221;solid&#8221;][nectar_btn size=&#8221;jumbo&#8221; open_new_tab=&#8221;true&#8221; button_style=&#8221;regular&#8221; button_color_2=&#8221;Accent-Color&#8221; icon_family=&#8221;fontawesome&#8221; text=&#8221;Communiqu\u00e9 de presse \u00ab 14i\u00e8me \u00e9dition \u2013 conf\u00e9rence virtuelle du 23 novembre 2021 \u00bb (PDF)&#8221; url=&#8221;https:\/\/visionzero.lu\/wp-content\/uploads\/2021\/12\/CP-Forum-SST-2021-VF.pdf&#8221; icon_fontawesome=&#8221;fa fa-file&#8221;][nectar_btn size=&#8221;jumbo&#8221; open_new_tab=&#8221;true&#8221; button_style=&#8221;regular&#8221; button_color_2=&#8221;Accent-Color&#8221; icon_family=&#8221;fontawesome&#8221; text=&#8221;Le replay de l\u2019\u00e9v\u00e8nement est disponible en fran\u00e7ais, anglais, allemand et version originale&#8221; url=&#8221;https:\/\/visionzero.lu\/fr\/forum-sst\/&#8221; icon_fontawesome=&#8221;fa fa-video-camera&#8221;][\/vc_column][\/vc_row][vc_row type=&#8221;in_container&#8221; full_screen_row_position=&#8221;middle&#8221; column_margin=&#8221;default&#8221; column_direction=&#8221;default&#8221; column_direction_tablet=&#8221;default&#8221; column_direction_phone=&#8221;default&#8221; scene_position=&#8221;center&#8221; text_color=&#8221;dark&#8221; text_align=&#8221;left&#8221; row_border_radius=&#8221;none&#8221; row_border_radius_applies=&#8221;bg&#8221; overlay_strength=&#8221;0.3&#8243; gradient_direction=&#8221;left_to_right&#8221; shape_divider_position=&#8221;bottom&#8221; bg_image_animation=&#8221;none&#8221;][vc_column column_padding=&#8221;no-extra-padding&#8221; column_padding_tablet=&#8221;inherit&#8221; column_padding_phone=&#8221;inherit&#8221; column_padding_position=&#8221;all&#8221; column_element_spacing=&#8221;default&#8221; background_color_opacity=&#8221;1&#8243; background_hover_color_opacity=&#8221;1&#8243; column_shadow=&#8221;none&#8221; column_border_radius=&#8221;none&#8221; column_link_target=&#8221;_self&#8221; gradient_direction=&#8221;left_to_right&#8221; overlay_strength=&#8221;0.3&#8243; width=&#8221;1\/1&#8243; tablet_width_inherit=&#8221;default&#8221; tablet_text_alignment=&#8221;default&#8221; phone_text_alignment=&#8221;default&#8221; bg_image_animation=&#8221;none&#8221; border_type=&#8221;simple&#8221; column_border_width=&#8221;none&#8221; column_border_style=&#8221;solid&#8221;][image_with_animation image_url=&#8221;13093&#8243; animation=&#8221;Fade In&#8221; hover_animation=&#8221;none&#8221; alignment=&#8221;&#8221; img_link_large=&#8221;yes&#8221; border_radius=&#8221;none&#8221; box_shadow=&#8221;none&#8221; image_loading=&#8221;default&#8221; max_width=&#8221;100%&#8221; max_width_mobile=&#8221;default&#8221; el_class=&#8221;no-scale&#8221;][\/vc_column][\/vc_row]\n","protected":false},"excerpt":{"rendered":"<p>[vc_row type=&#8221;in_container&#8221; full_screen_row_position=&#8221;middle&#8221; column_margin=&#8221;default&#8221; column_direction=&#8221;default&#8221; column_direction_tablet=&#8221;default&#8221; column_direction_phone=&#8221;default&#8221; scene_position=&#8221;center&#8221; text_color=&#8221;dark&#8221; text_align=&#8221;left&#8221; row_border_radius=&#8221;none&#8221; row_border_radius_applies=&#8221;bg&#8221; overlay_strength=&#8221;0.3&#8243; gradient_direction=&#8221;left_to_right&#8221; shape_divider_position=&#8221;bottom&#8221; bg_image_animation=&#8221;none&#8221;][vc_column column_padding=&#8221;no-extra-padding&#8221; column_padding_tablet=&#8221;inherit&#8221; column_padding_phone=&#8221;inherit&#8221; column_padding_position=&#8221;all&#8221; column_element_spacing=&#8221;default&#8221; background_color_opacity=&#8221;1&#8243; background_hover_color_opacity=&#8221;1&#8243; column_shadow=&#8221;none&#8221; column_border_radius=&#8221;none&#8221; column_link_target=&#8221;_self&#8221; gradient_direction=&#8221;left_to_right&#8221; overlay_strength=&#8221;0.3&#8243; width=&#8221;1\/1&#8243; tablet_width_inherit=&#8221;default&#8221;&#8230;<\/p>\n","protected":false},"author":35,"featured_media":13093,"comment_status":"closed","ping_status":"closed","sticky":false,"template":"","format":"standard","meta":{"_acf_changed":false,"inline_featured_image":false,"footnotes":""},"categories":[165],"tags":[],"class_list":{"0":"post-13092","1":"post","2":"type-post","3":"status-publish","4":"format-standard","5":"has-post-thumbnail","7":"category-vision-zero"},"acf":[],"yoast_head":"<!-- This site is optimized with the Yoast SEO plugin v27.5 - https:\/\/yoast.com\/product\/yoast-seo-wordpress\/ -->\n<title>14i\u00e8me \u00e9dition du\u00a0Forum de la s\u00e9curit\u00e9 et de la sant\u00e9 au travail - INDR<\/title>\n<meta name=\"robots\" content=\"index, follow, max-snippet:-1, max-image-preview:large, max-video-preview:-1\" \/>\n<link rel=\"canonical\" href=\"https:\/\/indr.lu\/fr\/14ieme-edition-du-forum-de-la-securite-et-de-la-sante-au-travail\/\" \/>\n<meta property=\"og:locale\" content=\"fr_FR\" \/>\n<meta property=\"og:type\" content=\"article\" \/>\n<meta property=\"og:title\" content=\"14i\u00e8me \u00e9dition du\u00a0Forum de la s\u00e9curit\u00e9 et de la sant\u00e9 au travail - INDR\" \/>\n<meta property=\"og:description\" content=\"[vc_row type=&#8221;in_container&#8221; full_screen_row_position=&#8221;middle&#8221; column_margin=&#8221;default&#8221; column_direction=&#8221;default&#8221; column_direction_tablet=&#8221;default&#8221; column_direction_phone=&#8221;default&#8221; scene_position=&#8221;center&#8221; text_color=&#8221;dark&#8221; text_align=&#8221;left&#8221; row_border_radius=&#8221;none&#8221; row_border_radius_applies=&#8221;bg&#8221; overlay_strength=&#8221;0.3&#8243; gradient_direction=&#8221;left_to_right&#8221; shape_divider_position=&#8221;bottom&#8221; bg_image_animation=&#8221;none&#8221;][vc_column column_padding=&#8221;no-extra-padding&#8221; column_padding_tablet=&#8221;inherit&#8221; column_padding_phone=&#8221;inherit&#8221; column_padding_position=&#8221;all&#8221; column_element_spacing=&#8221;default&#8221; background_color_opacity=&#8221;1&#8243; background_hover_color_opacity=&#8221;1&#8243; column_shadow=&#8221;none&#8221; column_border_radius=&#8221;none&#8221; column_link_target=&#8221;_self&#8221; gradient_direction=&#8221;left_to_right&#8221; overlay_strength=&#8221;0.3&#8243; width=&#8221;1\/1&#8243; tablet_width_inherit=&#8221;default&#8221;...\" \/>\n<meta property=\"og:url\" content=\"https:\/\/indr.lu\/fr\/14ieme-edition-du-forum-de-la-securite-et-de-la-sante-au-travail\/\" \/>\n<meta property=\"og:site_name\" content=\"INDR\" \/>\n<meta property=\"article:publisher\" content=\"https:\/\/www.facebook.com\/INDR.lu\" \/>\n<meta property=\"article:published_time\" content=\"2021-11-30T09:32:23+00:00\" \/>\n<meta property=\"article:modified_time\" content=\"2021-12-02T09:39:03+00:00\" \/>\n<meta property=\"og:image\" content=\"https:\/\/indr.lu\/wp-content\/uploads\/2021\/12\/1.jpg\" \/>\n\t<meta property=\"og:image:width\" content=\"1400\" \/>\n\t<meta property=\"og:image:height\" content=\"500\" \/>\n\t<meta property=\"og:image:type\" content=\"image\/jpeg\" \/>\n<meta name=\"author\" content=\"admin\" \/>\n<meta name=\"twitter:card\" content=\"summary_large_image\" \/>\n<meta name=\"twitter:label1\" content=\"\u00c9crit par\" \/>\n\t<meta name=\"twitter:data1\" content=\"admin\" \/>\n\t<meta name=\"twitter:label2\" content=\"Dur\u00e9e de lecture estim\u00e9e\" \/>\n\t<meta name=\"twitter:data2\" content=\"6 minutes\" \/>\n<script type=\"application\/ld+json\" class=\"yoast-schema-graph\">{\"@context\":\"https:\\\/\\\/schema.org\",\"@graph\":[{\"@type\":\"Article\",\"@id\":\"https:\\\/\\\/indr.lu\\\/fr\\\/14ieme-edition-du-forum-de-la-securite-et-de-la-sante-au-travail\\\/#article\",\"isPartOf\":{\"@id\":\"https:\\\/\\\/indr.lu\\\/fr\\\/14ieme-edition-du-forum-de-la-securite-et-de-la-sante-au-travail\\\/\"},\"author\":{\"name\":\"admin\",\"@id\":\"https:\\\/\\\/indr.lu\\\/fr\\\/#\\\/schema\\\/person\\\/23e000806d613af66b535e4e8622d225\"},\"headline\":\"14i\u00e8me \u00e9dition du\u00a0Forum de la s\u00e9curit\u00e9 et de la sant\u00e9 au travail\",\"datePublished\":\"2021-11-30T09:32:23+00:00\",\"dateModified\":\"2021-12-02T09:39:03+00:00\",\"mainEntityOfPage\":{\"@id\":\"https:\\\/\\\/indr.lu\\\/fr\\\/14ieme-edition-du-forum-de-la-securite-et-de-la-sante-au-travail\\\/\"},\"wordCount\":1159,\"publisher\":{\"@id\":\"https:\\\/\\\/indr.lu\\\/fr\\\/#organization\"},\"image\":{\"@id\":\"https:\\\/\\\/indr.lu\\\/fr\\\/14ieme-edition-du-forum-de-la-securite-et-de-la-sante-au-travail\\\/#primaryimage\"},\"thumbnailUrl\":\"https:\\\/\\\/indr.lu\\\/wp-content\\\/uploads\\\/2021\\\/12\\\/1.jpg\",\"articleSection\":[\"Vision Zero\"],\"inLanguage\":\"fr-FR\"},{\"@type\":\"WebPage\",\"@id\":\"https:\\\/\\\/indr.lu\\\/fr\\\/14ieme-edition-du-forum-de-la-securite-et-de-la-sante-au-travail\\\/\",\"url\":\"https:\\\/\\\/indr.lu\\\/fr\\\/14ieme-edition-du-forum-de-la-securite-et-de-la-sante-au-travail\\\/\",\"name\":\"14i\u00e8me \u00e9dition du\u00a0Forum de la s\u00e9curit\u00e9 et de la sant\u00e9 au travail - INDR\",\"isPartOf\":{\"@id\":\"https:\\\/\\\/indr.lu\\\/fr\\\/#website\"},\"primaryImageOfPage\":{\"@id\":\"https:\\\/\\\/indr.lu\\\/fr\\\/14ieme-edition-du-forum-de-la-securite-et-de-la-sante-au-travail\\\/#primaryimage\"},\"image\":{\"@id\":\"https:\\\/\\\/indr.lu\\\/fr\\\/14ieme-edition-du-forum-de-la-securite-et-de-la-sante-au-travail\\\/#primaryimage\"},\"thumbnailUrl\":\"https:\\\/\\\/indr.lu\\\/wp-content\\\/uploads\\\/2021\\\/12\\\/1.jpg\",\"datePublished\":\"2021-11-30T09:32:23+00:00\",\"dateModified\":\"2021-12-02T09:39:03+00:00\",\"breadcrumb\":{\"@id\":\"https:\\\/\\\/indr.lu\\\/fr\\\/14ieme-edition-du-forum-de-la-securite-et-de-la-sante-au-travail\\\/#breadcrumb\"},\"inLanguage\":\"fr-FR\",\"potentialAction\":[{\"@type\":\"ReadAction\",\"target\":[\"https:\\\/\\\/indr.lu\\\/fr\\\/14ieme-edition-du-forum-de-la-securite-et-de-la-sante-au-travail\\\/\"]}]},{\"@type\":\"ImageObject\",\"inLanguage\":\"fr-FR\",\"@id\":\"https:\\\/\\\/indr.lu\\\/fr\\\/14ieme-edition-du-forum-de-la-securite-et-de-la-sante-au-travail\\\/#primaryimage\",\"url\":\"https:\\\/\\\/indr.lu\\\/wp-content\\\/uploads\\\/2021\\\/12\\\/1.jpg\",\"contentUrl\":\"https:\\\/\\\/indr.lu\\\/wp-content\\\/uploads\\\/2021\\\/12\\\/1.jpg\",\"width\":1400,\"height\":500},{\"@type\":\"BreadcrumbList\",\"@id\":\"https:\\\/\\\/indr.lu\\\/fr\\\/14ieme-edition-du-forum-de-la-securite-et-de-la-sante-au-travail\\\/#breadcrumb\",\"itemListElement\":[{\"@type\":\"ListItem\",\"position\":1,\"name\":\"Home\",\"item\":\"https:\\\/\\\/indr.lu\\\/fr\\\/\"},{\"@type\":\"ListItem\",\"position\":2,\"name\":\"14i\u00e8me \u00e9dition du\u00a0Forum de la s\u00e9curit\u00e9 et de la sant\u00e9 au travail\"}]},{\"@type\":\"WebSite\",\"@id\":\"https:\\\/\\\/indr.lu\\\/fr\\\/#website\",\"url\":\"https:\\\/\\\/indr.lu\\\/fr\\\/\",\"name\":\"INDR\",\"description\":\"Institut national pour le d\u00e9veloppement durable et la RSE\",\"publisher\":{\"@id\":\"https:\\\/\\\/indr.lu\\\/fr\\\/#organization\"},\"potentialAction\":[{\"@type\":\"SearchAction\",\"target\":{\"@type\":\"EntryPoint\",\"urlTemplate\":\"https:\\\/\\\/indr.lu\\\/fr\\\/?s={search_term_string}\"},\"query-input\":{\"@type\":\"PropertyValueSpecification\",\"valueRequired\":true,\"valueName\":\"search_term_string\"}}],\"inLanguage\":\"fr-FR\"},{\"@type\":\"Organization\",\"@id\":\"https:\\\/\\\/indr.lu\\\/fr\\\/#organization\",\"name\":\"INDR\",\"alternateName\":\"L\u2019Institut National pour le D\u00e9veloppement durable et la Responsabilit\u00e9 sociale des entreprises\",\"url\":\"https:\\\/\\\/indr.lu\\\/fr\\\/\",\"logo\":{\"@type\":\"ImageObject\",\"inLanguage\":\"fr-FR\",\"@id\":\"https:\\\/\\\/indr.lu\\\/fr\\\/#\\\/schema\\\/logo\\\/image\\\/\",\"url\":\"https:\\\/\\\/indr.lu\\\/wp-content\\\/uploads\\\/2021\\\/04\\\/indr-logo.svg\",\"contentUrl\":\"https:\\\/\\\/indr.lu\\\/wp-content\\\/uploads\\\/2021\\\/04\\\/indr-logo.svg\",\"width\":\"1024\",\"height\":\"1024\",\"caption\":\"INDR\"},\"image\":{\"@id\":\"https:\\\/\\\/indr.lu\\\/fr\\\/#\\\/schema\\\/logo\\\/image\\\/\"},\"sameAs\":[\"https:\\\/\\\/www.facebook.com\\\/INDR.lu\",\"https:\\\/\\\/www.linkedin.com\\\/company\\\/indr---institut-national-pour-le-d-veloppement-durable-et-la-responsabilit-des-entreprises\\\/\"]},{\"@type\":\"Person\",\"@id\":\"https:\\\/\\\/indr.lu\\\/fr\\\/#\\\/schema\\\/person\\\/23e000806d613af66b535e4e8622d225\",\"name\":\"admin\",\"url\":\"https:\\\/\\\/indr.lu\\\/fr\\\/author\\\/admin\\\/\"}]}<\/script>\n<!-- \/ Yoast SEO plugin. -->","yoast_head_json":{"title":"14i\u00e8me \u00e9dition du\u00a0Forum de la s\u00e9curit\u00e9 et de la sant\u00e9 au travail - INDR","robots":{"index":"index","follow":"follow","max-snippet":"max-snippet:-1","max-image-preview":"max-image-preview:large","max-video-preview":"max-video-preview:-1"},"canonical":"https:\/\/indr.lu\/fr\/14ieme-edition-du-forum-de-la-securite-et-de-la-sante-au-travail\/","og_locale":"fr_FR","og_type":"article","og_title":"14i\u00e8me \u00e9dition du\u00a0Forum de la s\u00e9curit\u00e9 et de la sant\u00e9 au travail - INDR","og_description":"[vc_row type=&#8221;in_container&#8221; full_screen_row_position=&#8221;middle&#8221; column_margin=&#8221;default&#8221; column_direction=&#8221;default&#8221; column_direction_tablet=&#8221;default&#8221; column_direction_phone=&#8221;default&#8221; scene_position=&#8221;center&#8221; text_color=&#8221;dark&#8221; text_align=&#8221;left&#8221; row_border_radius=&#8221;none&#8221; row_border_radius_applies=&#8221;bg&#8221; overlay_strength=&#8221;0.3&#8243; gradient_direction=&#8221;left_to_right&#8221; shape_divider_position=&#8221;bottom&#8221; bg_image_animation=&#8221;none&#8221;][vc_column column_padding=&#8221;no-extra-padding&#8221; column_padding_tablet=&#8221;inherit&#8221; column_padding_phone=&#8221;inherit&#8221; column_padding_position=&#8221;all&#8221; column_element_spacing=&#8221;default&#8221; background_color_opacity=&#8221;1&#8243; background_hover_color_opacity=&#8221;1&#8243; column_shadow=&#8221;none&#8221; column_border_radius=&#8221;none&#8221; column_link_target=&#8221;_self&#8221; gradient_direction=&#8221;left_to_right&#8221; overlay_strength=&#8221;0.3&#8243; width=&#8221;1\/1&#8243; tablet_width_inherit=&#8221;default&#8221;...","og_url":"https:\/\/indr.lu\/fr\/14ieme-edition-du-forum-de-la-securite-et-de-la-sante-au-travail\/","og_site_name":"INDR","article_publisher":"https:\/\/www.facebook.com\/INDR.lu","article_published_time":"2021-11-30T09:32:23+00:00","article_modified_time":"2021-12-02T09:39:03+00:00","og_image":[{"width":1400,"height":500,"url":"https:\/\/indr.lu\/wp-content\/uploads\/2021\/12\/1.jpg","type":"image\/jpeg"}],"author":"admin","twitter_card":"summary_large_image","twitter_misc":{"\u00c9crit par":"admin","Dur\u00e9e de lecture estim\u00e9e":"6 minutes"},"schema":{"@context":"https:\/\/schema.org","@graph":[{"@type":"Article","@id":"https:\/\/indr.lu\/fr\/14ieme-edition-du-forum-de-la-securite-et-de-la-sante-au-travail\/#article","isPartOf":{"@id":"https:\/\/indr.lu\/fr\/14ieme-edition-du-forum-de-la-securite-et-de-la-sante-au-travail\/"},"author":{"name":"admin","@id":"https:\/\/indr.lu\/fr\/#\/schema\/person\/23e000806d613af66b535e4e8622d225"},"headline":"14i\u00e8me \u00e9dition du\u00a0Forum de la s\u00e9curit\u00e9 et de la sant\u00e9 au travail","datePublished":"2021-11-30T09:32:23+00:00","dateModified":"2021-12-02T09:39:03+00:00","mainEntityOfPage":{"@id":"https:\/\/indr.lu\/fr\/14ieme-edition-du-forum-de-la-securite-et-de-la-sante-au-travail\/"},"wordCount":1159,"publisher":{"@id":"https:\/\/indr.lu\/fr\/#organization"},"image":{"@id":"https:\/\/indr.lu\/fr\/14ieme-edition-du-forum-de-la-securite-et-de-la-sante-au-travail\/#primaryimage"},"thumbnailUrl":"https:\/\/indr.lu\/wp-content\/uploads\/2021\/12\/1.jpg","articleSection":["Vision Zero"],"inLanguage":"fr-FR"},{"@type":"WebPage","@id":"https:\/\/indr.lu\/fr\/14ieme-edition-du-forum-de-la-securite-et-de-la-sante-au-travail\/","url":"https:\/\/indr.lu\/fr\/14ieme-edition-du-forum-de-la-securite-et-de-la-sante-au-travail\/","name":"14i\u00e8me \u00e9dition du\u00a0Forum de la s\u00e9curit\u00e9 et de la sant\u00e9 au travail - INDR","isPartOf":{"@id":"https:\/\/indr.lu\/fr\/#website"},"primaryImageOfPage":{"@id":"https:\/\/indr.lu\/fr\/14ieme-edition-du-forum-de-la-securite-et-de-la-sante-au-travail\/#primaryimage"},"image":{"@id":"https:\/\/indr.lu\/fr\/14ieme-edition-du-forum-de-la-securite-et-de-la-sante-au-travail\/#primaryimage"},"thumbnailUrl":"https:\/\/indr.lu\/wp-content\/uploads\/2021\/12\/1.jpg","datePublished":"2021-11-30T09:32:23+00:00","dateModified":"2021-12-02T09:39:03+00:00","breadcrumb":{"@id":"https:\/\/indr.lu\/fr\/14ieme-edition-du-forum-de-la-securite-et-de-la-sante-au-travail\/#breadcrumb"},"inLanguage":"fr-FR","potentialAction":[{"@type":"ReadAction","target":["https:\/\/indr.lu\/fr\/14ieme-edition-du-forum-de-la-securite-et-de-la-sante-au-travail\/"]}]},{"@type":"ImageObject","inLanguage":"fr-FR","@id":"https:\/\/indr.lu\/fr\/14ieme-edition-du-forum-de-la-securite-et-de-la-sante-au-travail\/#primaryimage","url":"https:\/\/indr.lu\/wp-content\/uploads\/2021\/12\/1.jpg","contentUrl":"https:\/\/indr.lu\/wp-content\/uploads\/2021\/12\/1.jpg","width":1400,"height":500},{"@type":"BreadcrumbList","@id":"https:\/\/indr.lu\/fr\/14ieme-edition-du-forum-de-la-securite-et-de-la-sante-au-travail\/#breadcrumb","itemListElement":[{"@type":"ListItem","position":1,"name":"Home","item":"https:\/\/indr.lu\/fr\/"},{"@type":"ListItem","position":2,"name":"14i\u00e8me \u00e9dition du\u00a0Forum de la s\u00e9curit\u00e9 et de la sant\u00e9 au travail"}]},{"@type":"WebSite","@id":"https:\/\/indr.lu\/fr\/#website","url":"https:\/\/indr.lu\/fr\/","name":"INDR","description":"Institut national pour le d\u00e9veloppement durable et la RSE","publisher":{"@id":"https:\/\/indr.lu\/fr\/#organization"},"potentialAction":[{"@type":"SearchAction","target":{"@type":"EntryPoint","urlTemplate":"https:\/\/indr.lu\/fr\/?s={search_term_string}"},"query-input":{"@type":"PropertyValueSpecification","valueRequired":true,"valueName":"search_term_string"}}],"inLanguage":"fr-FR"},{"@type":"Organization","@id":"https:\/\/indr.lu\/fr\/#organization","name":"INDR","alternateName":"L\u2019Institut National pour le D\u00e9veloppement durable et la Responsabilit\u00e9 sociale des entreprises","url":"https:\/\/indr.lu\/fr\/","logo":{"@type":"ImageObject","inLanguage":"fr-FR","@id":"https:\/\/indr.lu\/fr\/#\/schema\/logo\/image\/","url":"https:\/\/indr.lu\/wp-content\/uploads\/2021\/04\/indr-logo.svg","contentUrl":"https:\/\/indr.lu\/wp-content\/uploads\/2021\/04\/indr-logo.svg","width":"1024","height":"1024","caption":"INDR"},"image":{"@id":"https:\/\/indr.lu\/fr\/#\/schema\/logo\/image\/"},"sameAs":["https:\/\/www.facebook.com\/INDR.lu","https:\/\/www.linkedin.com\/company\/indr---institut-national-pour-le-d-veloppement-durable-et-la-responsabilit-des-entreprises\/"]},{"@type":"Person","@id":"https:\/\/indr.lu\/fr\/#\/schema\/person\/23e000806d613af66b535e4e8622d225","name":"admin","url":"https:\/\/indr.lu\/fr\/author\/admin\/"}]}},"_links":{"self":[{"href":"https:\/\/indr.lu\/fr\/wp-json\/wp\/v2\/posts\/13092","targetHints":{"allow":["GET"]}}],"collection":[{"href":"https:\/\/indr.lu\/fr\/wp-json\/wp\/v2\/posts"}],"about":[{"href":"https:\/\/indr.lu\/fr\/wp-json\/wp\/v2\/types\/post"}],"author":[{"embeddable":true,"href":"https:\/\/indr.lu\/fr\/wp-json\/wp\/v2\/users\/35"}],"replies":[{"embeddable":true,"href":"https:\/\/indr.lu\/fr\/wp-json\/wp\/v2\/comments?post=13092"}],"version-history":[{"count":3,"href":"https:\/\/indr.lu\/fr\/wp-json\/wp\/v2\/posts\/13092\/revisions"}],"predecessor-version":[{"id":13097,"href":"https:\/\/indr.lu\/fr\/wp-json\/wp\/v2\/posts\/13092\/revisions\/13097"}],"wp:featuredmedia":[{"embeddable":true,"href":"https:\/\/indr.lu\/fr\/wp-json\/wp\/v2\/media\/13093"}],"wp:attachment":[{"href":"https:\/\/indr.lu\/fr\/wp-json\/wp\/v2\/media?parent=13092"}],"wp:term":[{"taxonomy":"category","embeddable":true,"href":"https:\/\/indr.lu\/fr\/wp-json\/wp\/v2\/categories?post=13092"},{"taxonomy":"post_tag","embeddable":true,"href":"https:\/\/indr.lu\/fr\/wp-json\/wp\/v2\/tags?post=13092"}],"curies":[{"name":"wp","href":"https:\/\/api.w.org\/{rel}","templated":true}]}}