{"id":1687,"date":"2020-07-10T10:08:21","date_gmt":"2020-07-10T10:08:21","guid":{"rendered":"https:\/\/indr.lu\/?p=1687"},"modified":"2021-06-11T09:19:33","modified_gmt":"2021-06-11T09:19:33","slug":"assemblee-generale-prorse","status":"publish","type":"post","link":"https:\/\/indr.lu\/fr\/assemblee-generale-prorse\/","title":{"rendered":"Assembl\u00e9e g\u00e9n\u00e9rale ProRSE"},"content":{"rendered":"[vc_row type=&#8221;in_container&#8221; full_screen_row_position=&#8221;middle&#8221; column_margin=&#8221;default&#8221; column_direction=&#8221;default&#8221; column_direction_tablet=&#8221;default&#8221; column_direction_phone=&#8221;default&#8221; scene_position=&#8221;center&#8221; text_color=&#8221;dark&#8221; text_align=&#8221;left&#8221; row_border_radius=&#8221;none&#8221; row_border_radius_applies=&#8221;bg&#8221; overlay_strength=&#8221;0.3&#8243; gradient_direction=&#8221;left_to_right&#8221; shape_divider_position=&#8221;bottom&#8221; bg_image_animation=&#8221;none&#8221;][vc_column column_padding=&#8221;no-extra-padding&#8221; column_padding_tablet=&#8221;inherit&#8221; column_padding_phone=&#8221;inherit&#8221; column_padding_position=&#8221;all&#8221; column_element_spacing=&#8221;default&#8221; background_color_opacity=&#8221;1&#8243; background_hover_color_opacity=&#8221;1&#8243; column_shadow=&#8221;none&#8221; column_border_radius=&#8221;none&#8221; column_link_target=&#8221;_self&#8221; gradient_direction=&#8221;left_to_right&#8221; overlay_strength=&#8221;0.3&#8243; width=&#8221;1\/1&#8243; tablet_width_inherit=&#8221;default&#8221; tablet_text_alignment=&#8221;default&#8221; phone_text_alignment=&#8221;default&#8221; bg_image_animation=&#8221;none&#8221; border_type=&#8221;simple&#8221; column_border_width=&#8221;none&#8221; column_border_style=&#8221;solid&#8221;][vc_column_text]<strong>L\u2019Assembl\u00e9e G\u00e9n\u00e9rale annuelle de ProRSE s\u2019est tenue le vendredi 10 juillet. La pr\u00e9sidente, Morgane Haessler, a rappel\u00e9 les objectifs de l\u2019association, qui compte \u00e0 ce jour 92 membres, \u00e0 savoir : rassembler les professionnels actifs de la RSE au Luxembourg.<\/strong><\/p>\n<p>ProRSE a \u00e9t\u00e9 cr\u00e9\u00e9e en novembre 2017 pour faire progresser la RSE au Luxembourg, la professionnaliser, et rendre ses membres encore plus visibles, en tant qu\u2019acteurs de la RSE, ainsi que leurs actions mises en \u0153uvre dans les entreprises.<\/p>\n<p>Lors de l\u2019AG ont \u00e9t\u00e9 pass\u00e9s en revue les nombreux \u00e9v\u00e8nements organis\u00e9s en 2019 et 2020 et ceux \u00e0 venir. L\u2019association se pr\u00e9pare entre autres \u00e0 partager de fa\u00e7on plus active avec d\u2019autres professionnels actifs de la RSE, notamment avec le r\u00e9seau des managers responsables fran\u00e7ais, MR21, avec qui ProRSE a engag\u00e9 un partenariat.<br \/>\nProRSE mettra \u00e9galement d\u00e9sormais un catalogue de formations sp\u00e9cifiques sur les sujets de la RSE \u00e0 disposition de ses membres.<\/p>\n<p><a href=\"https:\/\/indr.us8.list-manage.com\/track\/click?u=c26eebc433757d98fdf42bbd0&amp;id=567109f80f&amp;e=aefc317e24\" target=\"_blank\" rel=\"noopener noreferrer\" data-saferedirecturl=\"https:\/\/www.google.com\/url?q=https:\/\/indr.us8.list-manage.com\/track\/click?u%3Dc26eebc433757d98fdf42bbd0%26id%3D567109f80f%26e%3Daefc317e24&amp;source=gmail&amp;ust=1595428924082000&amp;usg=AFQjCNHAdkiLYBeKt1h3KO_fH6KFJOgIBg\">Plus d\u2019informations<\/a>[\/vc_column_text][\/vc_column][\/vc_row]\n","protected":false},"excerpt":{"rendered":"<p>L\u2019Assembl\u00e9e G\u00e9n\u00e9rale annuelle de ProRSE s\u2019est tenue le vendredi 10 juillet. La pr\u00e9sidente, Morgane Haessler, a rappel\u00e9 les objectifs de l\u2019association, qui compte \u00e0 ce jour 92 membres<\/p>\n","protected":false},"author":35,"featured_media":8865,"comment_status":"closed","ping_status":"closed","sticky":false,"template":"","format":"standard","meta":{"_acf_changed":false,"inline_featured_image":false,"footnotes":""},"categories":[5],"tags":[],"class_list":{"0":"post-1687","1":"post","2":"type-post","3":"status-publish","4":"format-standard","5":"has-post-thumbnail","7":"category-non-classifiee"},"acf":[],"yoast_head":"<!-- This site is optimized with the Yoast SEO plugin v27.5 - https:\/\/yoast.com\/product\/yoast-seo-wordpress\/ -->\n<title>Assembl\u00e9e g\u00e9n\u00e9rale ProRSE - INDR<\/title>\n<meta name=\"robots\" content=\"index, follow, max-snippet:-1, max-image-preview:large, max-video-preview:-1\" \/>\n<link rel=\"canonical\" href=\"https:\/\/indr.lu\/fr\/assemblee-generale-prorse\/\" \/>\n<meta property=\"og:locale\" content=\"fr_FR\" \/>\n<meta property=\"og:type\" content=\"article\" \/>\n<meta property=\"og:title\" content=\"Assembl\u00e9e g\u00e9n\u00e9rale ProRSE - INDR\" \/>\n<meta property=\"og:description\" content=\"L\u2019Assembl\u00e9e G\u00e9n\u00e9rale annuelle de ProRSE s\u2019est tenue le vendredi 10 juillet. La pr\u00e9sidente, Morgane Haessler, a rappel\u00e9 les objectifs de l\u2019association, qui compte \u00e0 ce jour 92 membres\" \/>\n<meta property=\"og:url\" content=\"https:\/\/indr.lu\/fr\/assemblee-generale-prorse\/\" \/>\n<meta property=\"og:site_name\" content=\"INDR\" \/>\n<meta property=\"article:publisher\" content=\"https:\/\/www.facebook.com\/INDR.lu\" \/>\n<meta property=\"article:published_time\" content=\"2020-07-10T10:08:21+00:00\" \/>\n<meta property=\"article:modified_time\" content=\"2021-06-11T09:19:33+00:00\" \/>\n<meta property=\"og:image\" content=\"https:\/\/indr.lu\/wp-content\/uploads\/2020\/07\/assemble-generaleprorse-768x569-1.png\" \/>\n\t<meta property=\"og:image:width\" content=\"768\" \/>\n\t<meta property=\"og:image:height\" content=\"569\" \/>\n\t<meta property=\"og:image:type\" content=\"image\/png\" \/>\n<meta name=\"author\" content=\"admin\" \/>\n<meta name=\"twitter:card\" content=\"summary_large_image\" \/>\n<meta name=\"twitter:label1\" content=\"\u00c9crit par\" \/>\n\t<meta name=\"twitter:data1\" content=\"admin\" \/>\n\t<meta name=\"twitter:label2\" content=\"Dur\u00e9e de lecture estim\u00e9e\" \/>\n\t<meta name=\"twitter:data2\" content=\"2 minutes\" \/>\n<script type=\"application\/ld+json\" class=\"yoast-schema-graph\">{\"@context\":\"https:\\\/\\\/schema.org\",\"@graph\":[{\"@type\":\"Article\",\"@id\":\"https:\\\/\\\/indr.lu\\\/fr\\\/assemblee-generale-prorse\\\/#article\",\"isPartOf\":{\"@id\":\"https:\\\/\\\/indr.lu\\\/fr\\\/assemblee-generale-prorse\\\/\"},\"author\":{\"name\":\"admin\",\"@id\":\"https:\\\/\\\/indr.lu\\\/fr\\\/#\\\/schema\\\/person\\\/87552dee61e81f89c635d85ccd61c370\"},\"headline\":\"Assembl\u00e9e g\u00e9n\u00e9rale ProRSE\",\"datePublished\":\"2020-07-10T10:08:21+00:00\",\"dateModified\":\"2021-06-11T09:19:33+00:00\",\"mainEntityOfPage\":{\"@id\":\"https:\\\/\\\/indr.lu\\\/fr\\\/assemblee-generale-prorse\\\/\"},\"wordCount\":313,\"publisher\":{\"@id\":\"https:\\\/\\\/indr.lu\\\/fr\\\/#organization\"},\"image\":{\"@id\":\"https:\\\/\\\/indr.lu\\\/fr\\\/assemblee-generale-prorse\\\/#primaryimage\"},\"thumbnailUrl\":\"https:\\\/\\\/indr.lu\\\/wp-content\\\/uploads\\\/2020\\\/07\\\/assemble-generaleprorse-768x569-1.png\",\"articleSection\":[\"Non classifi\u00e9(e)\"],\"inLanguage\":\"fr-FR\"},{\"@type\":\"WebPage\",\"@id\":\"https:\\\/\\\/indr.lu\\\/fr\\\/assemblee-generale-prorse\\\/\",\"url\":\"https:\\\/\\\/indr.lu\\\/fr\\\/assemblee-generale-prorse\\\/\",\"name\":\"Assembl\u00e9e g\u00e9n\u00e9rale ProRSE - INDR\",\"isPartOf\":{\"@id\":\"https:\\\/\\\/indr.lu\\\/fr\\\/#website\"},\"primaryImageOfPage\":{\"@id\":\"https:\\\/\\\/indr.lu\\\/fr\\\/assemblee-generale-prorse\\\/#primaryimage\"},\"image\":{\"@id\":\"https:\\\/\\\/indr.lu\\\/fr\\\/assemblee-generale-prorse\\\/#primaryimage\"},\"thumbnailUrl\":\"https:\\\/\\\/indr.lu\\\/wp-content\\\/uploads\\\/2020\\\/07\\\/assemble-generaleprorse-768x569-1.png\",\"datePublished\":\"2020-07-10T10:08:21+00:00\",\"dateModified\":\"2021-06-11T09:19:33+00:00\",\"breadcrumb\":{\"@id\":\"https:\\\/\\\/indr.lu\\\/fr\\\/assemblee-generale-prorse\\\/#breadcrumb\"},\"inLanguage\":\"fr-FR\",\"potentialAction\":[{\"@type\":\"ReadAction\",\"target\":[\"https:\\\/\\\/indr.lu\\\/fr\\\/assemblee-generale-prorse\\\/\"]}]},{\"@type\":\"ImageObject\",\"inLanguage\":\"fr-FR\",\"@id\":\"https:\\\/\\\/indr.lu\\\/fr\\\/assemblee-generale-prorse\\\/#primaryimage\",\"url\":\"https:\\\/\\\/indr.lu\\\/wp-content\\\/uploads\\\/2020\\\/07\\\/assemble-generaleprorse-768x569-1.png\",\"contentUrl\":\"https:\\\/\\\/indr.lu\\\/wp-content\\\/uploads\\\/2020\\\/07\\\/assemble-generaleprorse-768x569-1.png\",\"width\":768,\"height\":569},{\"@type\":\"BreadcrumbList\",\"@id\":\"https:\\\/\\\/indr.lu\\\/fr\\\/assemblee-generale-prorse\\\/#breadcrumb\",\"itemListElement\":[{\"@type\":\"ListItem\",\"position\":1,\"name\":\"Home\",\"item\":\"https:\\\/\\\/indr.lu\\\/fr\\\/\"},{\"@type\":\"ListItem\",\"position\":2,\"name\":\"Assembl\u00e9e g\u00e9n\u00e9rale ProRSE\"}]},{\"@type\":\"WebSite\",\"@id\":\"https:\\\/\\\/indr.lu\\\/fr\\\/#website\",\"url\":\"https:\\\/\\\/indr.lu\\\/fr\\\/\",\"name\":\"INDR\",\"description\":\"Institut national pour le d\u00e9veloppement durable et la RSE\",\"publisher\":{\"@id\":\"https:\\\/\\\/indr.lu\\\/fr\\\/#organization\"},\"potentialAction\":[{\"@type\":\"SearchAction\",\"target\":{\"@type\":\"EntryPoint\",\"urlTemplate\":\"https:\\\/\\\/indr.lu\\\/fr\\\/?s={search_term_string}\"},\"query-input\":{\"@type\":\"PropertyValueSpecification\",\"valueRequired\":true,\"valueName\":\"search_term_string\"}}],\"inLanguage\":\"fr-FR\"},{\"@type\":\"Organization\",\"@id\":\"https:\\\/\\\/indr.lu\\\/fr\\\/#organization\",\"name\":\"INDR\",\"alternateName\":\"L\u2019Institut National pour le D\u00e9veloppement durable et la Responsabilit\u00e9 sociale des entreprises\",\"url\":\"https:\\\/\\\/indr.lu\\\/fr\\\/\",\"logo\":{\"@type\":\"ImageObject\",\"inLanguage\":\"fr-FR\",\"@id\":\"https:\\\/\\\/indr.lu\\\/fr\\\/#\\\/schema\\\/logo\\\/image\\\/\",\"url\":\"https:\\\/\\\/indr.lu\\\/wp-content\\\/uploads\\\/2021\\\/04\\\/indr-logo.svg\",\"contentUrl\":\"https:\\\/\\\/indr.lu\\\/wp-content\\\/uploads\\\/2021\\\/04\\\/indr-logo.svg\",\"width\":\"1024\",\"height\":\"1024\",\"caption\":\"INDR\"},\"image\":{\"@id\":\"https:\\\/\\\/indr.lu\\\/fr\\\/#\\\/schema\\\/logo\\\/image\\\/\"},\"sameAs\":[\"https:\\\/\\\/www.facebook.com\\\/INDR.lu\",\"https:\\\/\\\/www.linkedin.com\\\/company\\\/indr---institut-national-pour-le-d-veloppement-durable-et-la-responsabilit-des-entreprises\\\/\"]},{\"@type\":\"Person\",\"@id\":\"https:\\\/\\\/indr.lu\\\/fr\\\/#\\\/schema\\\/person\\\/87552dee61e81f89c635d85ccd61c370\",\"name\":\"admin\",\"url\":\"https:\\\/\\\/indr.lu\\\/fr\\\/author\\\/admin\\\/\"}]}<\/script>\n<!-- \/ Yoast SEO plugin. -->","yoast_head_json":{"title":"Assembl\u00e9e g\u00e9n\u00e9rale ProRSE - INDR","robots":{"index":"index","follow":"follow","max-snippet":"max-snippet:-1","max-image-preview":"max-image-preview:large","max-video-preview":"max-video-preview:-1"},"canonical":"https:\/\/indr.lu\/fr\/assemblee-generale-prorse\/","og_locale":"fr_FR","og_type":"article","og_title":"Assembl\u00e9e g\u00e9n\u00e9rale ProRSE - INDR","og_description":"L\u2019Assembl\u00e9e G\u00e9n\u00e9rale annuelle de ProRSE s\u2019est tenue le vendredi 10 juillet. La pr\u00e9sidente, Morgane Haessler, a rappel\u00e9 les objectifs de l\u2019association, qui compte \u00e0 ce jour 92 membres","og_url":"https:\/\/indr.lu\/fr\/assemblee-generale-prorse\/","og_site_name":"INDR","article_publisher":"https:\/\/www.facebook.com\/INDR.lu","article_published_time":"2020-07-10T10:08:21+00:00","article_modified_time":"2021-06-11T09:19:33+00:00","og_image":[{"width":768,"height":569,"url":"https:\/\/indr.lu\/wp-content\/uploads\/2020\/07\/assemble-generaleprorse-768x569-1.png","type":"image\/png"}],"author":"admin","twitter_card":"summary_large_image","twitter_misc":{"\u00c9crit par":"admin","Dur\u00e9e de lecture estim\u00e9e":"2 minutes"},"schema":{"@context":"https:\/\/schema.org","@graph":[{"@type":"Article","@id":"https:\/\/indr.lu\/fr\/assemblee-generale-prorse\/#article","isPartOf":{"@id":"https:\/\/indr.lu\/fr\/assemblee-generale-prorse\/"},"author":{"name":"admin","@id":"https:\/\/indr.lu\/fr\/#\/schema\/person\/87552dee61e81f89c635d85ccd61c370"},"headline":"Assembl\u00e9e g\u00e9n\u00e9rale ProRSE","datePublished":"2020-07-10T10:08:21+00:00","dateModified":"2021-06-11T09:19:33+00:00","mainEntityOfPage":{"@id":"https:\/\/indr.lu\/fr\/assemblee-generale-prorse\/"},"wordCount":313,"publisher":{"@id":"https:\/\/indr.lu\/fr\/#organization"},"image":{"@id":"https:\/\/indr.lu\/fr\/assemblee-generale-prorse\/#primaryimage"},"thumbnailUrl":"https:\/\/indr.lu\/wp-content\/uploads\/2020\/07\/assemble-generaleprorse-768x569-1.png","articleSection":["Non classifi\u00e9(e)"],"inLanguage":"fr-FR"},{"@type":"WebPage","@id":"https:\/\/indr.lu\/fr\/assemblee-generale-prorse\/","url":"https:\/\/indr.lu\/fr\/assemblee-generale-prorse\/","name":"Assembl\u00e9e g\u00e9n\u00e9rale ProRSE - INDR","isPartOf":{"@id":"https:\/\/indr.lu\/fr\/#website"},"primaryImageOfPage":{"@id":"https:\/\/indr.lu\/fr\/assemblee-generale-prorse\/#primaryimage"},"image":{"@id":"https:\/\/indr.lu\/fr\/assemblee-generale-prorse\/#primaryimage"},"thumbnailUrl":"https:\/\/indr.lu\/wp-content\/uploads\/2020\/07\/assemble-generaleprorse-768x569-1.png","datePublished":"2020-07-10T10:08:21+00:00","dateModified":"2021-06-11T09:19:33+00:00","breadcrumb":{"@id":"https:\/\/indr.lu\/fr\/assemblee-generale-prorse\/#breadcrumb"},"inLanguage":"fr-FR","potentialAction":[{"@type":"ReadAction","target":["https:\/\/indr.lu\/fr\/assemblee-generale-prorse\/"]}]},{"@type":"ImageObject","inLanguage":"fr-FR","@id":"https:\/\/indr.lu\/fr\/assemblee-generale-prorse\/#primaryimage","url":"https:\/\/indr.lu\/wp-content\/uploads\/2020\/07\/assemble-generaleprorse-768x569-1.png","contentUrl":"https:\/\/indr.lu\/wp-content\/uploads\/2020\/07\/assemble-generaleprorse-768x569-1.png","width":768,"height":569},{"@type":"BreadcrumbList","@id":"https:\/\/indr.lu\/fr\/assemblee-generale-prorse\/#breadcrumb","itemListElement":[{"@type":"ListItem","position":1,"name":"Home","item":"https:\/\/indr.lu\/fr\/"},{"@type":"ListItem","position":2,"name":"Assembl\u00e9e g\u00e9n\u00e9rale ProRSE"}]},{"@type":"WebSite","@id":"https:\/\/indr.lu\/fr\/#website","url":"https:\/\/indr.lu\/fr\/","name":"INDR","description":"Institut national pour le d\u00e9veloppement durable et la RSE","publisher":{"@id":"https:\/\/indr.lu\/fr\/#organization"},"potentialAction":[{"@type":"SearchAction","target":{"@type":"EntryPoint","urlTemplate":"https:\/\/indr.lu\/fr\/?s={search_term_string}"},"query-input":{"@type":"PropertyValueSpecification","valueRequired":true,"valueName":"search_term_string"}}],"inLanguage":"fr-FR"},{"@type":"Organization","@id":"https:\/\/indr.lu\/fr\/#organization","name":"INDR","alternateName":"L\u2019Institut National pour le D\u00e9veloppement durable et la Responsabilit\u00e9 sociale des entreprises","url":"https:\/\/indr.lu\/fr\/","logo":{"@type":"ImageObject","inLanguage":"fr-FR","@id":"https:\/\/indr.lu\/fr\/#\/schema\/logo\/image\/","url":"https:\/\/indr.lu\/wp-content\/uploads\/2021\/04\/indr-logo.svg","contentUrl":"https:\/\/indr.lu\/wp-content\/uploads\/2021\/04\/indr-logo.svg","width":"1024","height":"1024","caption":"INDR"},"image":{"@id":"https:\/\/indr.lu\/fr\/#\/schema\/logo\/image\/"},"sameAs":["https:\/\/www.facebook.com\/INDR.lu","https:\/\/www.linkedin.com\/company\/indr---institut-national-pour-le-d-veloppement-durable-et-la-responsabilit-des-entreprises\/"]},{"@type":"Person","@id":"https:\/\/indr.lu\/fr\/#\/schema\/person\/87552dee61e81f89c635d85ccd61c370","name":"admin","url":"https:\/\/indr.lu\/fr\/author\/admin\/"}]}},"_links":{"self":[{"href":"https:\/\/indr.lu\/fr\/wp-json\/wp\/v2\/posts\/1687","targetHints":{"allow":["GET"]}}],"collection":[{"href":"https:\/\/indr.lu\/fr\/wp-json\/wp\/v2\/posts"}],"about":[{"href":"https:\/\/indr.lu\/fr\/wp-json\/wp\/v2\/types\/post"}],"author":[{"embeddable":true,"href":"https:\/\/indr.lu\/fr\/wp-json\/wp\/v2\/users\/35"}],"replies":[{"embeddable":true,"href":"https:\/\/indr.lu\/fr\/wp-json\/wp\/v2\/comments?post=1687"}],"version-history":[{"count":4,"href":"https:\/\/indr.lu\/fr\/wp-json\/wp\/v2\/posts\/1687\/revisions"}],"predecessor-version":[{"id":12008,"href":"https:\/\/indr.lu\/fr\/wp-json\/wp\/v2\/posts\/1687\/revisions\/12008"}],"wp:featuredmedia":[{"embeddable":true,"href":"https:\/\/indr.lu\/fr\/wp-json\/wp\/v2\/media\/8865"}],"wp:attachment":[{"href":"https:\/\/indr.lu\/fr\/wp-json\/wp\/v2\/media?parent=1687"}],"wp:term":[{"taxonomy":"category","embeddable":true,"href":"https:\/\/indr.lu\/fr\/wp-json\/wp\/v2\/categories?post=1687"},{"taxonomy":"post_tag","embeddable":true,"href":"https:\/\/indr.lu\/fr\/wp-json\/wp\/v2\/tags?post=1687"}],"curies":[{"name":"wp","href":"https:\/\/api.w.org\/{rel}","templated":true}]}}