{"id":1710,"date":"2020-04-16T11:26:38","date_gmt":"2020-04-16T11:26:38","guid":{"rendered":"https:\/\/indr.lu\/?p=1710"},"modified":"2021-06-11T09:21:07","modified_gmt":"2021-06-11T09:21:07","slug":"prorse-qvt-et-activite-physique-adaptee","status":"publish","type":"post","link":"https:\/\/indr.lu\/fr\/prorse-qvt-et-activite-physique-adaptee\/","title":{"rendered":"ProRSE : QVT et activit\u00e9 physique adapt\u00e9e"},"content":{"rendered":"[vc_row type=&#8221;in_container&#8221; full_screen_row_position=&#8221;middle&#8221; column_margin=&#8221;default&#8221; column_direction=&#8221;default&#8221; column_direction_tablet=&#8221;default&#8221; column_direction_phone=&#8221;default&#8221; scene_position=&#8221;center&#8221; text_color=&#8221;dark&#8221; text_align=&#8221;left&#8221; row_border_radius=&#8221;none&#8221; row_border_radius_applies=&#8221;bg&#8221; overlay_strength=&#8221;0.3&#8243; gradient_direction=&#8221;left_to_right&#8221; shape_divider_position=&#8221;bottom&#8221; bg_image_animation=&#8221;none&#8221;][vc_column column_padding=&#8221;no-extra-padding&#8221; column_padding_tablet=&#8221;inherit&#8221; column_padding_phone=&#8221;inherit&#8221; column_padding_position=&#8221;all&#8221; column_element_spacing=&#8221;default&#8221; background_color_opacity=&#8221;1&#8243; background_hover_color_opacity=&#8221;1&#8243; column_shadow=&#8221;none&#8221; column_border_radius=&#8221;none&#8221; column_link_target=&#8221;_self&#8221; gradient_direction=&#8221;left_to_right&#8221; overlay_strength=&#8221;0.3&#8243; width=&#8221;1\/1&#8243; tablet_width_inherit=&#8221;default&#8221; tablet_text_alignment=&#8221;default&#8221; phone_text_alignment=&#8221;default&#8221; bg_image_animation=&#8221;none&#8221; border_type=&#8221;simple&#8221; column_border_width=&#8221;none&#8221; column_border_style=&#8221;solid&#8221;][vc_column_text]\u200bProRSE et l\u2019ILQVT (Institut Luxembourgeois de Qualit\u00e9 de Vie au Travail) ont permis \u00e0 une dizaine de personnes de d\u00e9couvrir l\u2019initiative \u201cSalari\u00e9s confin\u00e9s : pr\u00e9server leur sant\u00e9 pendant la crise COVID-19\u201d, co-cr\u00e9\u00e9e par l\u2019ILQVT et l\u2019INDR, \u00e0 travers une s\u00e9ance d\u2019activit\u00e9 physique adapt\u00e9e, sp\u00e9cialement con\u00e7ue dans le cadre du programme.<\/p>\n<p>L\u2019objectif \u00e9tait d\u2019agir \u00e0 court terme pour soutenir la sant\u00e9 mentale et physique des salari\u00e9s durant la p\u00e9riode de confinement et permettre ainsi la continuit\u00e9 de l\u2019activit\u00e9 \u00e9conomique d\u00e9pendante de la force de travail et de la sant\u00e9 du personnel.<\/p>\n<p>Cette s\u00e9ance s\u2019est tenue en visio et a \u00e9t\u00e9 anim\u00e9e par Geoffrey Beutin, professeur en activit\u00e9 physique adapt\u00e9e et Responsable du Studio Fit Concept.<\/p>\n<p>Elle a permis aux participants de solliciter convenablement les muscles et les articulations, de faciliter la vascularisation et d\u2019entretenir la capacit\u00e9 cardio-vasculaire mise \u00e0 rude \u00e9preuve par la s\u00e9dentarit\u00e9 et le stress \u00e9lev\u00e9 continu.\u200b<\/p>\n<p><a href=\"https:\/\/mcusercontent.com\/c26eebc433757d98fdf42bbd0\/files\/721b2285-c588-443e-9f82-805130a2ed66\/ILQVT_INDR_Description_du_programme_COVID19.03.pdf\" target=\"_blank\" rel=\"noopener noreferrer\" data-content=\"https:\/\/mcusercontent.com\/c26eebc433757d98fdf42bbd0\/files\/721b2285-c588-443e-9f82-805130a2ed66\/ILQVT_INDR_Description_du_programme_COVID19.03.pdf\" data-type=\"external\">Plus d\u2019informations sur le programme \u201cSalari\u00e9s confin\u00e9s : pr\u00e9server leur sant\u00e9 pendant la crise COVID-19\u201d<\/a><\/p>\n[\/vc_column_text][\/vc_column][\/vc_row]\n","protected":false},"excerpt":{"rendered":"<p>ProRSE et l\u2019ILQVT (Institut Luxembourgeois de Qualit\u00e9 de Vie au Travail) ont permis \u00e0 une dizaine de personnes de d\u00e9couvrir l\u2019initiative \u201cSalari\u00e9s confin\u00e9s : pr\u00e9server leur sant\u00e9 pendant la crise COVID-19\u201d<\/p>\n","protected":false},"author":35,"featured_media":8868,"comment_status":"closed","ping_status":"closed","sticky":false,"template":"","format":"standard","meta":{"_acf_changed":false,"inline_featured_image":false,"footnotes":""},"categories":[5],"tags":[],"class_list":{"0":"post-1710","1":"post","2":"type-post","3":"status-publish","4":"format-standard","5":"has-post-thumbnail","7":"category-non-classifiee"},"acf":[],"yoast_head":"<!-- This site is optimized with the Yoast SEO plugin v27.5 - https:\/\/yoast.com\/product\/yoast-seo-wordpress\/ -->\n<title>ProRSE : QVT et activit\u00e9 physique adapt\u00e9e - INDR<\/title>\n<meta name=\"robots\" content=\"index, follow, max-snippet:-1, max-image-preview:large, max-video-preview:-1\" \/>\n<link rel=\"canonical\" href=\"https:\/\/indr.lu\/fr\/prorse-qvt-et-activite-physique-adaptee\/\" \/>\n<meta property=\"og:locale\" content=\"fr_FR\" \/>\n<meta property=\"og:type\" content=\"article\" \/>\n<meta property=\"og:title\" content=\"ProRSE : QVT et activit\u00e9 physique adapt\u00e9e - INDR\" \/>\n<meta property=\"og:description\" content=\"ProRSE et l\u2019ILQVT (Institut Luxembourgeois de Qualit\u00e9 de Vie au Travail) ont permis \u00e0 une dizaine de personnes de d\u00e9couvrir l\u2019initiative \u201cSalari\u00e9s confin\u00e9s : pr\u00e9server leur sant\u00e9 pendant la crise COVID-19\u201d\" \/>\n<meta property=\"og:url\" content=\"https:\/\/indr.lu\/fr\/prorse-qvt-et-activite-physique-adaptee\/\" \/>\n<meta property=\"og:site_name\" content=\"INDR\" \/>\n<meta property=\"article:publisher\" content=\"https:\/\/www.facebook.com\/INDR.lu\" \/>\n<meta property=\"article:published_time\" content=\"2020-04-16T11:26:38+00:00\" \/>\n<meta property=\"article:modified_time\" content=\"2021-06-11T09:21:07+00:00\" \/>\n<meta property=\"og:image\" content=\"https:\/\/indr.lu\/wp-content\/uploads\/2020\/04\/sport-768x480-1.jpg\" \/>\n\t<meta property=\"og:image:width\" content=\"768\" \/>\n\t<meta property=\"og:image:height\" content=\"480\" \/>\n\t<meta property=\"og:image:type\" content=\"image\/jpeg\" \/>\n<meta name=\"author\" content=\"admin\" \/>\n<meta name=\"twitter:card\" content=\"summary_large_image\" \/>\n<meta name=\"twitter:label1\" content=\"\u00c9crit par\" \/>\n\t<meta name=\"twitter:data1\" content=\"admin\" \/>\n\t<meta name=\"twitter:label2\" content=\"Dur\u00e9e de lecture estim\u00e9e\" \/>\n\t<meta name=\"twitter:data2\" content=\"2 minutes\" \/>\n<script type=\"application\/ld+json\" class=\"yoast-schema-graph\">{\"@context\":\"https:\\\/\\\/schema.org\",\"@graph\":[{\"@type\":\"Article\",\"@id\":\"https:\\\/\\\/indr.lu\\\/fr\\\/prorse-qvt-et-activite-physique-adaptee\\\/#article\",\"isPartOf\":{\"@id\":\"https:\\\/\\\/indr.lu\\\/fr\\\/prorse-qvt-et-activite-physique-adaptee\\\/\"},\"author\":{\"name\":\"admin\",\"@id\":\"https:\\\/\\\/indr.lu\\\/fr\\\/#\\\/schema\\\/person\\\/87552dee61e81f89c635d85ccd61c370\"},\"headline\":\"ProRSE : QVT et activit\u00e9 physique adapt\u00e9e\",\"datePublished\":\"2020-04-16T11:26:38+00:00\",\"dateModified\":\"2021-06-11T09:21:07+00:00\",\"mainEntityOfPage\":{\"@id\":\"https:\\\/\\\/indr.lu\\\/fr\\\/prorse-qvt-et-activite-physique-adaptee\\\/\"},\"wordCount\":335,\"publisher\":{\"@id\":\"https:\\\/\\\/indr.lu\\\/fr\\\/#organization\"},\"image\":{\"@id\":\"https:\\\/\\\/indr.lu\\\/fr\\\/prorse-qvt-et-activite-physique-adaptee\\\/#primaryimage\"},\"thumbnailUrl\":\"https:\\\/\\\/indr.lu\\\/wp-content\\\/uploads\\\/2020\\\/04\\\/sport-768x480-1.jpg\",\"articleSection\":[\"Non classifi\u00e9(e)\"],\"inLanguage\":\"fr-FR\"},{\"@type\":\"WebPage\",\"@id\":\"https:\\\/\\\/indr.lu\\\/fr\\\/prorse-qvt-et-activite-physique-adaptee\\\/\",\"url\":\"https:\\\/\\\/indr.lu\\\/fr\\\/prorse-qvt-et-activite-physique-adaptee\\\/\",\"name\":\"ProRSE : QVT et activit\u00e9 physique adapt\u00e9e - INDR\",\"isPartOf\":{\"@id\":\"https:\\\/\\\/indr.lu\\\/fr\\\/#website\"},\"primaryImageOfPage\":{\"@id\":\"https:\\\/\\\/indr.lu\\\/fr\\\/prorse-qvt-et-activite-physique-adaptee\\\/#primaryimage\"},\"image\":{\"@id\":\"https:\\\/\\\/indr.lu\\\/fr\\\/prorse-qvt-et-activite-physique-adaptee\\\/#primaryimage\"},\"thumbnailUrl\":\"https:\\\/\\\/indr.lu\\\/wp-content\\\/uploads\\\/2020\\\/04\\\/sport-768x480-1.jpg\",\"datePublished\":\"2020-04-16T11:26:38+00:00\",\"dateModified\":\"2021-06-11T09:21:07+00:00\",\"breadcrumb\":{\"@id\":\"https:\\\/\\\/indr.lu\\\/fr\\\/prorse-qvt-et-activite-physique-adaptee\\\/#breadcrumb\"},\"inLanguage\":\"fr-FR\",\"potentialAction\":[{\"@type\":\"ReadAction\",\"target\":[\"https:\\\/\\\/indr.lu\\\/fr\\\/prorse-qvt-et-activite-physique-adaptee\\\/\"]}]},{\"@type\":\"ImageObject\",\"inLanguage\":\"fr-FR\",\"@id\":\"https:\\\/\\\/indr.lu\\\/fr\\\/prorse-qvt-et-activite-physique-adaptee\\\/#primaryimage\",\"url\":\"https:\\\/\\\/indr.lu\\\/wp-content\\\/uploads\\\/2020\\\/04\\\/sport-768x480-1.jpg\",\"contentUrl\":\"https:\\\/\\\/indr.lu\\\/wp-content\\\/uploads\\\/2020\\\/04\\\/sport-768x480-1.jpg\",\"width\":768,\"height\":480},{\"@type\":\"BreadcrumbList\",\"@id\":\"https:\\\/\\\/indr.lu\\\/fr\\\/prorse-qvt-et-activite-physique-adaptee\\\/#breadcrumb\",\"itemListElement\":[{\"@type\":\"ListItem\",\"position\":1,\"name\":\"Home\",\"item\":\"https:\\\/\\\/indr.lu\\\/fr\\\/\"},{\"@type\":\"ListItem\",\"position\":2,\"name\":\"ProRSE : QVT et activit\u00e9 physique adapt\u00e9e\"}]},{\"@type\":\"WebSite\",\"@id\":\"https:\\\/\\\/indr.lu\\\/fr\\\/#website\",\"url\":\"https:\\\/\\\/indr.lu\\\/fr\\\/\",\"name\":\"INDR\",\"description\":\"Institut national pour le d\u00e9veloppement durable et la RSE\",\"publisher\":{\"@id\":\"https:\\\/\\\/indr.lu\\\/fr\\\/#organization\"},\"potentialAction\":[{\"@type\":\"SearchAction\",\"target\":{\"@type\":\"EntryPoint\",\"urlTemplate\":\"https:\\\/\\\/indr.lu\\\/fr\\\/?s={search_term_string}\"},\"query-input\":{\"@type\":\"PropertyValueSpecification\",\"valueRequired\":true,\"valueName\":\"search_term_string\"}}],\"inLanguage\":\"fr-FR\"},{\"@type\":\"Organization\",\"@id\":\"https:\\\/\\\/indr.lu\\\/fr\\\/#organization\",\"name\":\"INDR\",\"alternateName\":\"L\u2019Institut National pour le D\u00e9veloppement durable et la Responsabilit\u00e9 sociale des entreprises\",\"url\":\"https:\\\/\\\/indr.lu\\\/fr\\\/\",\"logo\":{\"@type\":\"ImageObject\",\"inLanguage\":\"fr-FR\",\"@id\":\"https:\\\/\\\/indr.lu\\\/fr\\\/#\\\/schema\\\/logo\\\/image\\\/\",\"url\":\"https:\\\/\\\/indr.lu\\\/wp-content\\\/uploads\\\/2021\\\/04\\\/indr-logo.svg\",\"contentUrl\":\"https:\\\/\\\/indr.lu\\\/wp-content\\\/uploads\\\/2021\\\/04\\\/indr-logo.svg\",\"width\":\"1024\",\"height\":\"1024\",\"caption\":\"INDR\"},\"image\":{\"@id\":\"https:\\\/\\\/indr.lu\\\/fr\\\/#\\\/schema\\\/logo\\\/image\\\/\"},\"sameAs\":[\"https:\\\/\\\/www.facebook.com\\\/INDR.lu\",\"https:\\\/\\\/www.linkedin.com\\\/company\\\/indr---institut-national-pour-le-d-veloppement-durable-et-la-responsabilit-des-entreprises\\\/\"]},{\"@type\":\"Person\",\"@id\":\"https:\\\/\\\/indr.lu\\\/fr\\\/#\\\/schema\\\/person\\\/87552dee61e81f89c635d85ccd61c370\",\"name\":\"admin\",\"url\":\"https:\\\/\\\/indr.lu\\\/fr\\\/author\\\/admin\\\/\"}]}<\/script>\n<!-- \/ Yoast SEO plugin. -->","yoast_head_json":{"title":"ProRSE : QVT et activit\u00e9 physique adapt\u00e9e - INDR","robots":{"index":"index","follow":"follow","max-snippet":"max-snippet:-1","max-image-preview":"max-image-preview:large","max-video-preview":"max-video-preview:-1"},"canonical":"https:\/\/indr.lu\/fr\/prorse-qvt-et-activite-physique-adaptee\/","og_locale":"fr_FR","og_type":"article","og_title":"ProRSE : QVT et activit\u00e9 physique adapt\u00e9e - INDR","og_description":"ProRSE et l\u2019ILQVT (Institut Luxembourgeois de Qualit\u00e9 de Vie au Travail) ont permis \u00e0 une dizaine de personnes de d\u00e9couvrir l\u2019initiative \u201cSalari\u00e9s confin\u00e9s : pr\u00e9server leur sant\u00e9 pendant la crise COVID-19\u201d","og_url":"https:\/\/indr.lu\/fr\/prorse-qvt-et-activite-physique-adaptee\/","og_site_name":"INDR","article_publisher":"https:\/\/www.facebook.com\/INDR.lu","article_published_time":"2020-04-16T11:26:38+00:00","article_modified_time":"2021-06-11T09:21:07+00:00","og_image":[{"width":768,"height":480,"url":"https:\/\/indr.lu\/wp-content\/uploads\/2020\/04\/sport-768x480-1.jpg","type":"image\/jpeg"}],"author":"admin","twitter_card":"summary_large_image","twitter_misc":{"\u00c9crit par":"admin","Dur\u00e9e de lecture estim\u00e9e":"2 minutes"},"schema":{"@context":"https:\/\/schema.org","@graph":[{"@type":"Article","@id":"https:\/\/indr.lu\/fr\/prorse-qvt-et-activite-physique-adaptee\/#article","isPartOf":{"@id":"https:\/\/indr.lu\/fr\/prorse-qvt-et-activite-physique-adaptee\/"},"author":{"name":"admin","@id":"https:\/\/indr.lu\/fr\/#\/schema\/person\/87552dee61e81f89c635d85ccd61c370"},"headline":"ProRSE : QVT et activit\u00e9 physique adapt\u00e9e","datePublished":"2020-04-16T11:26:38+00:00","dateModified":"2021-06-11T09:21:07+00:00","mainEntityOfPage":{"@id":"https:\/\/indr.lu\/fr\/prorse-qvt-et-activite-physique-adaptee\/"},"wordCount":335,"publisher":{"@id":"https:\/\/indr.lu\/fr\/#organization"},"image":{"@id":"https:\/\/indr.lu\/fr\/prorse-qvt-et-activite-physique-adaptee\/#primaryimage"},"thumbnailUrl":"https:\/\/indr.lu\/wp-content\/uploads\/2020\/04\/sport-768x480-1.jpg","articleSection":["Non classifi\u00e9(e)"],"inLanguage":"fr-FR"},{"@type":"WebPage","@id":"https:\/\/indr.lu\/fr\/prorse-qvt-et-activite-physique-adaptee\/","url":"https:\/\/indr.lu\/fr\/prorse-qvt-et-activite-physique-adaptee\/","name":"ProRSE : QVT et activit\u00e9 physique adapt\u00e9e - INDR","isPartOf":{"@id":"https:\/\/indr.lu\/fr\/#website"},"primaryImageOfPage":{"@id":"https:\/\/indr.lu\/fr\/prorse-qvt-et-activite-physique-adaptee\/#primaryimage"},"image":{"@id":"https:\/\/indr.lu\/fr\/prorse-qvt-et-activite-physique-adaptee\/#primaryimage"},"thumbnailUrl":"https:\/\/indr.lu\/wp-content\/uploads\/2020\/04\/sport-768x480-1.jpg","datePublished":"2020-04-16T11:26:38+00:00","dateModified":"2021-06-11T09:21:07+00:00","breadcrumb":{"@id":"https:\/\/indr.lu\/fr\/prorse-qvt-et-activite-physique-adaptee\/#breadcrumb"},"inLanguage":"fr-FR","potentialAction":[{"@type":"ReadAction","target":["https:\/\/indr.lu\/fr\/prorse-qvt-et-activite-physique-adaptee\/"]}]},{"@type":"ImageObject","inLanguage":"fr-FR","@id":"https:\/\/indr.lu\/fr\/prorse-qvt-et-activite-physique-adaptee\/#primaryimage","url":"https:\/\/indr.lu\/wp-content\/uploads\/2020\/04\/sport-768x480-1.jpg","contentUrl":"https:\/\/indr.lu\/wp-content\/uploads\/2020\/04\/sport-768x480-1.jpg","width":768,"height":480},{"@type":"BreadcrumbList","@id":"https:\/\/indr.lu\/fr\/prorse-qvt-et-activite-physique-adaptee\/#breadcrumb","itemListElement":[{"@type":"ListItem","position":1,"name":"Home","item":"https:\/\/indr.lu\/fr\/"},{"@type":"ListItem","position":2,"name":"ProRSE : QVT et activit\u00e9 physique adapt\u00e9e"}]},{"@type":"WebSite","@id":"https:\/\/indr.lu\/fr\/#website","url":"https:\/\/indr.lu\/fr\/","name":"INDR","description":"Institut national pour le d\u00e9veloppement durable et la RSE","publisher":{"@id":"https:\/\/indr.lu\/fr\/#organization"},"potentialAction":[{"@type":"SearchAction","target":{"@type":"EntryPoint","urlTemplate":"https:\/\/indr.lu\/fr\/?s={search_term_string}"},"query-input":{"@type":"PropertyValueSpecification","valueRequired":true,"valueName":"search_term_string"}}],"inLanguage":"fr-FR"},{"@type":"Organization","@id":"https:\/\/indr.lu\/fr\/#organization","name":"INDR","alternateName":"L\u2019Institut National pour le D\u00e9veloppement durable et la Responsabilit\u00e9 sociale des entreprises","url":"https:\/\/indr.lu\/fr\/","logo":{"@type":"ImageObject","inLanguage":"fr-FR","@id":"https:\/\/indr.lu\/fr\/#\/schema\/logo\/image\/","url":"https:\/\/indr.lu\/wp-content\/uploads\/2021\/04\/indr-logo.svg","contentUrl":"https:\/\/indr.lu\/wp-content\/uploads\/2021\/04\/indr-logo.svg","width":"1024","height":"1024","caption":"INDR"},"image":{"@id":"https:\/\/indr.lu\/fr\/#\/schema\/logo\/image\/"},"sameAs":["https:\/\/www.facebook.com\/INDR.lu","https:\/\/www.linkedin.com\/company\/indr---institut-national-pour-le-d-veloppement-durable-et-la-responsabilit-des-entreprises\/"]},{"@type":"Person","@id":"https:\/\/indr.lu\/fr\/#\/schema\/person\/87552dee61e81f89c635d85ccd61c370","name":"admin","url":"https:\/\/indr.lu\/fr\/author\/admin\/"}]}},"_links":{"self":[{"href":"https:\/\/indr.lu\/fr\/wp-json\/wp\/v2\/posts\/1710","targetHints":{"allow":["GET"]}}],"collection":[{"href":"https:\/\/indr.lu\/fr\/wp-json\/wp\/v2\/posts"}],"about":[{"href":"https:\/\/indr.lu\/fr\/wp-json\/wp\/v2\/types\/post"}],"author":[{"embeddable":true,"href":"https:\/\/indr.lu\/fr\/wp-json\/wp\/v2\/users\/35"}],"replies":[{"embeddable":true,"href":"https:\/\/indr.lu\/fr\/wp-json\/wp\/v2\/comments?post=1710"}],"version-history":[{"count":4,"href":"https:\/\/indr.lu\/fr\/wp-json\/wp\/v2\/posts\/1710\/revisions"}],"predecessor-version":[{"id":12012,"href":"https:\/\/indr.lu\/fr\/wp-json\/wp\/v2\/posts\/1710\/revisions\/12012"}],"wp:featuredmedia":[{"embeddable":true,"href":"https:\/\/indr.lu\/fr\/wp-json\/wp\/v2\/media\/8868"}],"wp:attachment":[{"href":"https:\/\/indr.lu\/fr\/wp-json\/wp\/v2\/media?parent=1710"}],"wp:term":[{"taxonomy":"category","embeddable":true,"href":"https:\/\/indr.lu\/fr\/wp-json\/wp\/v2\/categories?post=1710"},{"taxonomy":"post_tag","embeddable":true,"href":"https:\/\/indr.lu\/fr\/wp-json\/wp\/v2\/tags?post=1710"}],"curies":[{"name":"wp","href":"https:\/\/api.w.org\/{rel}","templated":true}]}}