{"id":1780,"date":"2019-12-09T12:45:07","date_gmt":"2019-12-09T12:45:07","guid":{"rendered":"https:\/\/indr.lu\/?p=1780"},"modified":"2021-06-11T09:24:21","modified_gmt":"2021-06-11T09:24:21","slug":"appel-a-candidatures-pour-le-prix-national-securite-sante-au-travail","status":"publish","type":"post","link":"https:\/\/indr.lu\/fr\/appel-a-candidatures-pour-le-prix-national-securite-sante-au-travail\/","title":{"rendered":"Appel \u00e0 candidatures pour le Prix national S\u00e9curit\u00e9-Sant\u00e9 au travail"},"content":{"rendered":"[vc_row type=&#8221;in_container&#8221; full_screen_row_position=&#8221;middle&#8221; column_margin=&#8221;default&#8221; column_direction=&#8221;default&#8221; column_direction_tablet=&#8221;default&#8221; column_direction_phone=&#8221;default&#8221; scene_position=&#8221;center&#8221; text_color=&#8221;dark&#8221; text_align=&#8221;left&#8221; row_border_radius=&#8221;none&#8221; row_border_radius_applies=&#8221;bg&#8221; overlay_strength=&#8221;0.3&#8243; gradient_direction=&#8221;left_to_right&#8221; shape_divider_position=&#8221;bottom&#8221; bg_image_animation=&#8221;none&#8221;][vc_column column_padding=&#8221;no-extra-padding&#8221; column_padding_tablet=&#8221;inherit&#8221; column_padding_phone=&#8221;inherit&#8221; column_padding_position=&#8221;all&#8221; column_element_spacing=&#8221;default&#8221; background_color_opacity=&#8221;1&#8243; background_hover_color_opacity=&#8221;1&#8243; column_shadow=&#8221;none&#8221; column_border_radius=&#8221;none&#8221; column_link_target=&#8221;_self&#8221; gradient_direction=&#8221;left_to_right&#8221; overlay_strength=&#8221;0.3&#8243; width=&#8221;1\/1&#8243; tablet_width_inherit=&#8221;default&#8221; tablet_text_alignment=&#8221;default&#8221; phone_text_alignment=&#8221;default&#8221; bg_image_animation=&#8221;none&#8221; border_type=&#8221;simple&#8221; column_border_width=&#8221;none&#8221; column_border_style=&#8221;solid&#8221;][vc_column_text]Souhaitez-vous valoriser des mesures ou produits particuli\u00e8rement innovants dans le domaine de l\u2019am\u00e9lioration de la s\u00e9curit\u00e9, de la sant\u00e9 et du bien-\u00eatre au travail ?<\/p>\n<p>Alors d\u00e9posez votre candidature jusqu\u2019au 24 janvier 2020 et tentez de remporter le Prix national S\u00e9curit\u00e9-Sant\u00e9 au travail<\/p>\n<p>\u00c0 gagner : 5 x 5.000\u20ac et la r\u00e9alisation d\u2019une vid\u00e9o pour chaque laur\u00e9at<br \/>\nLe Prix national S\u00e9curit\u00e9-Sant\u00e9 au travail est d\u00e9cern\u00e9 par 3 Minist\u00e8res : Minist\u00e8re de la Sant\u00e9, Minist\u00e8re de la S\u00e9curit\u00e9 sociale et Minist\u00e8re du Travail, de l\u2019Emploi et de l\u2019\u00c9conomie sociale et solidaire, en association avec les organisateurs : l\u2019Association d\u2019assurance accident (<a href=\"https:\/\/aaa.public.lu\/fr.html\" target=\"_blank\" rel=\"nofllow noopener noreferrer\">AAA<\/a>), l\u2019Union des Entreprises Luxembourgeoises (<a href=\"http:\/\/www.uel.lu\/\" target=\"_blank\" rel=\"nofollow noopener noreferrer\">UEL<\/a>), l\u2019Institut National pour le D\u00e9veloppement durable et la Responsabilit\u00e9 sociale des entreprises (INDR), l\u2019Inspection du Travail et des Mines (<a href=\"http:\/\/www.itm.lu\/en\/home.html\" target=\"_blank\" rel=\"nofollow noopener noreferrer\">ITM<\/a>) et la Direction de la Sant\u00e9 \u2013 Division de la Sant\u00e9 au Travail et de l\u2019Environnement (<a href=\"http:\/\/www.sante.public.lu\/fr\/politique-sante\/ministere-sante\/direction-sante\/div-travail-environnement\/index.html\" target=\"_blank\" rel=\"nofollow noopener noreferrer\">DSATE<\/a>).<\/p>\n<p>Le prix vise \u00e0 :<\/p>\n<ul>\n<li>reconna\u00eetre les initiatives innovantes en mati\u00e8re de s\u00e9curit\u00e9, de sant\u00e9 et du bien-\u00eatre au travail;<\/li>\n<li>souligner les efforts concert\u00e9s des salari\u00e9s et des employeurs pour g\u00e9rer la sant\u00e9 au travail et pour pr\u00e9venir les accidents du travail et les maladies professionnelles;<\/li>\n<li>valoriser les efforts d\u2019investissements des entreprises pour am\u00e9liorer la s\u00e9curit\u00e9, la sant\u00e9 et le bien-\u00eatre au travail ;<\/li>\n<li>diffuser largement les r\u00e9alisations afin d\u2019en faire profiter d\u2019autres entreprises.<\/li>\n<\/ul>\n<p>Toutes les infos sur\u00a0<a href=\"https:\/\/visionzero.lu\/fr\/prix-sst\/\" target=\"_blank\" rel=\"nofollow noopener noreferrer\">www.visionzero.lu\/prix-sst<\/a><\/p>\n<p><strong>La date limite pour le d\u00e9p\u00f4t des candidatures est le 24.01.2020.<\/strong><\/p>\n[\/vc_column_text][\/vc_column][\/vc_row]\n","protected":false},"excerpt":{"rendered":"<p>Souhaitez-vous valoriser des mesures ou produits particuli\u00e8rement innovants dans le domaine de l\u2019am\u00e9lioration de la s\u00e9curit\u00e9, de la sant\u00e9 et du bien-\u00eatre au travail ?<\/p>\n","protected":false},"author":35,"featured_media":8878,"comment_status":"closed","ping_status":"closed","sticky":false,"template":"","format":"standard","meta":{"_acf_changed":false,"inline_featured_image":false,"footnotes":""},"categories":[165],"tags":[],"class_list":{"0":"post-1780","1":"post","2":"type-post","3":"status-publish","4":"format-standard","5":"has-post-thumbnail","7":"category-vision-zero"},"acf":[],"yoast_head":"<!-- This site is optimized with the Yoast SEO plugin v27.5 - https:\/\/yoast.com\/product\/yoast-seo-wordpress\/ -->\n<title>Appel \u00e0 candidatures pour le Prix national S\u00e9curit\u00e9-Sant\u00e9 au travail - INDR<\/title>\n<meta name=\"robots\" content=\"index, follow, max-snippet:-1, max-image-preview:large, max-video-preview:-1\" \/>\n<link rel=\"canonical\" href=\"https:\/\/indr.lu\/fr\/appel-a-candidatures-pour-le-prix-national-securite-sante-au-travail\/\" \/>\n<meta property=\"og:locale\" content=\"fr_FR\" \/>\n<meta property=\"og:type\" content=\"article\" \/>\n<meta property=\"og:title\" content=\"Appel \u00e0 candidatures pour le Prix national S\u00e9curit\u00e9-Sant\u00e9 au travail - INDR\" \/>\n<meta property=\"og:description\" content=\"Souhaitez-vous valoriser des mesures ou produits particuli\u00e8rement innovants dans le domaine de l\u2019am\u00e9lioration de la s\u00e9curit\u00e9, de la sant\u00e9 et du bien-\u00eatre au travail ?\" \/>\n<meta property=\"og:url\" content=\"https:\/\/indr.lu\/fr\/appel-a-candidatures-pour-le-prix-national-securite-sante-au-travail\/\" \/>\n<meta property=\"og:site_name\" content=\"INDR\" \/>\n<meta property=\"article:publisher\" content=\"https:\/\/www.facebook.com\/INDR.lu\" \/>\n<meta property=\"article:published_time\" content=\"2019-12-09T12:45:07+00:00\" \/>\n<meta property=\"article:modified_time\" content=\"2021-06-11T09:24:21+00:00\" \/>\n<meta property=\"og:image\" content=\"https:\/\/indr.lu\/wp-content\/uploads\/2019\/12\/vignette-teaser-prix-1.jpg\" \/>\n\t<meta property=\"og:image:width\" content=\"1837\" \/>\n\t<meta property=\"og:image:height\" content=\"887\" \/>\n\t<meta property=\"og:image:type\" content=\"image\/jpeg\" \/>\n<meta name=\"author\" content=\"admin\" \/>\n<meta name=\"twitter:card\" content=\"summary_large_image\" \/>\n<meta name=\"twitter:label1\" content=\"\u00c9crit par\" \/>\n\t<meta name=\"twitter:data1\" content=\"admin\" \/>\n\t<meta name=\"twitter:label2\" content=\"Dur\u00e9e de lecture estim\u00e9e\" \/>\n\t<meta name=\"twitter:data2\" content=\"2 minutes\" \/>\n<script type=\"application\/ld+json\" class=\"yoast-schema-graph\">{\"@context\":\"https:\\\/\\\/schema.org\",\"@graph\":[{\"@type\":\"Article\",\"@id\":\"https:\\\/\\\/indr.lu\\\/fr\\\/appel-a-candidatures-pour-le-prix-national-securite-sante-au-travail\\\/#article\",\"isPartOf\":{\"@id\":\"https:\\\/\\\/indr.lu\\\/fr\\\/appel-a-candidatures-pour-le-prix-national-securite-sante-au-travail\\\/\"},\"author\":{\"name\":\"admin\",\"@id\":\"https:\\\/\\\/indr.lu\\\/fr\\\/#\\\/schema\\\/person\\\/23e000806d613af66b535e4e8622d225\"},\"headline\":\"Appel \u00e0 candidatures pour le Prix national S\u00e9curit\u00e9-Sant\u00e9 au travail\",\"datePublished\":\"2019-12-09T12:45:07+00:00\",\"dateModified\":\"2021-06-11T09:24:21+00:00\",\"mainEntityOfPage\":{\"@id\":\"https:\\\/\\\/indr.lu\\\/fr\\\/appel-a-candidatures-pour-le-prix-national-securite-sante-au-travail\\\/\"},\"wordCount\":419,\"publisher\":{\"@id\":\"https:\\\/\\\/indr.lu\\\/fr\\\/#organization\"},\"image\":{\"@id\":\"https:\\\/\\\/indr.lu\\\/fr\\\/appel-a-candidatures-pour-le-prix-national-securite-sante-au-travail\\\/#primaryimage\"},\"thumbnailUrl\":\"https:\\\/\\\/indr.lu\\\/wp-content\\\/uploads\\\/2019\\\/12\\\/vignette-teaser-prix-1.jpg\",\"articleSection\":[\"Vision Zero\"],\"inLanguage\":\"fr-FR\"},{\"@type\":\"WebPage\",\"@id\":\"https:\\\/\\\/indr.lu\\\/fr\\\/appel-a-candidatures-pour-le-prix-national-securite-sante-au-travail\\\/\",\"url\":\"https:\\\/\\\/indr.lu\\\/fr\\\/appel-a-candidatures-pour-le-prix-national-securite-sante-au-travail\\\/\",\"name\":\"Appel \u00e0 candidatures pour le Prix national S\u00e9curit\u00e9-Sant\u00e9 au travail - INDR\",\"isPartOf\":{\"@id\":\"https:\\\/\\\/indr.lu\\\/fr\\\/#website\"},\"primaryImageOfPage\":{\"@id\":\"https:\\\/\\\/indr.lu\\\/fr\\\/appel-a-candidatures-pour-le-prix-national-securite-sante-au-travail\\\/#primaryimage\"},\"image\":{\"@id\":\"https:\\\/\\\/indr.lu\\\/fr\\\/appel-a-candidatures-pour-le-prix-national-securite-sante-au-travail\\\/#primaryimage\"},\"thumbnailUrl\":\"https:\\\/\\\/indr.lu\\\/wp-content\\\/uploads\\\/2019\\\/12\\\/vignette-teaser-prix-1.jpg\",\"datePublished\":\"2019-12-09T12:45:07+00:00\",\"dateModified\":\"2021-06-11T09:24:21+00:00\",\"breadcrumb\":{\"@id\":\"https:\\\/\\\/indr.lu\\\/fr\\\/appel-a-candidatures-pour-le-prix-national-securite-sante-au-travail\\\/#breadcrumb\"},\"inLanguage\":\"fr-FR\",\"potentialAction\":[{\"@type\":\"ReadAction\",\"target\":[\"https:\\\/\\\/indr.lu\\\/fr\\\/appel-a-candidatures-pour-le-prix-national-securite-sante-au-travail\\\/\"]}]},{\"@type\":\"ImageObject\",\"inLanguage\":\"fr-FR\",\"@id\":\"https:\\\/\\\/indr.lu\\\/fr\\\/appel-a-candidatures-pour-le-prix-national-securite-sante-au-travail\\\/#primaryimage\",\"url\":\"https:\\\/\\\/indr.lu\\\/wp-content\\\/uploads\\\/2019\\\/12\\\/vignette-teaser-prix-1.jpg\",\"contentUrl\":\"https:\\\/\\\/indr.lu\\\/wp-content\\\/uploads\\\/2019\\\/12\\\/vignette-teaser-prix-1.jpg\",\"width\":1837,\"height\":887},{\"@type\":\"BreadcrumbList\",\"@id\":\"https:\\\/\\\/indr.lu\\\/fr\\\/appel-a-candidatures-pour-le-prix-national-securite-sante-au-travail\\\/#breadcrumb\",\"itemListElement\":[{\"@type\":\"ListItem\",\"position\":1,\"name\":\"Home\",\"item\":\"https:\\\/\\\/indr.lu\\\/fr\\\/\"},{\"@type\":\"ListItem\",\"position\":2,\"name\":\"Appel \u00e0 candidatures pour le Prix national S\u00e9curit\u00e9-Sant\u00e9 au travail\"}]},{\"@type\":\"WebSite\",\"@id\":\"https:\\\/\\\/indr.lu\\\/fr\\\/#website\",\"url\":\"https:\\\/\\\/indr.lu\\\/fr\\\/\",\"name\":\"INDR\",\"description\":\"Institut national pour le d\u00e9veloppement durable et la RSE\",\"publisher\":{\"@id\":\"https:\\\/\\\/indr.lu\\\/fr\\\/#organization\"},\"potentialAction\":[{\"@type\":\"SearchAction\",\"target\":{\"@type\":\"EntryPoint\",\"urlTemplate\":\"https:\\\/\\\/indr.lu\\\/fr\\\/?s={search_term_string}\"},\"query-input\":{\"@type\":\"PropertyValueSpecification\",\"valueRequired\":true,\"valueName\":\"search_term_string\"}}],\"inLanguage\":\"fr-FR\"},{\"@type\":\"Organization\",\"@id\":\"https:\\\/\\\/indr.lu\\\/fr\\\/#organization\",\"name\":\"INDR\",\"alternateName\":\"L\u2019Institut National pour le D\u00e9veloppement durable et la Responsabilit\u00e9 sociale des entreprises\",\"url\":\"https:\\\/\\\/indr.lu\\\/fr\\\/\",\"logo\":{\"@type\":\"ImageObject\",\"inLanguage\":\"fr-FR\",\"@id\":\"https:\\\/\\\/indr.lu\\\/fr\\\/#\\\/schema\\\/logo\\\/image\\\/\",\"url\":\"https:\\\/\\\/indr.lu\\\/wp-content\\\/uploads\\\/2021\\\/04\\\/indr-logo.svg\",\"contentUrl\":\"https:\\\/\\\/indr.lu\\\/wp-content\\\/uploads\\\/2021\\\/04\\\/indr-logo.svg\",\"width\":\"1024\",\"height\":\"1024\",\"caption\":\"INDR\"},\"image\":{\"@id\":\"https:\\\/\\\/indr.lu\\\/fr\\\/#\\\/schema\\\/logo\\\/image\\\/\"},\"sameAs\":[\"https:\\\/\\\/www.facebook.com\\\/INDR.lu\",\"https:\\\/\\\/www.linkedin.com\\\/company\\\/indr---institut-national-pour-le-d-veloppement-durable-et-la-responsabilit-des-entreprises\\\/\"]},{\"@type\":\"Person\",\"@id\":\"https:\\\/\\\/indr.lu\\\/fr\\\/#\\\/schema\\\/person\\\/23e000806d613af66b535e4e8622d225\",\"name\":\"admin\",\"url\":\"https:\\\/\\\/indr.lu\\\/fr\\\/author\\\/admin\\\/\"}]}<\/script>\n<!-- \/ Yoast SEO plugin. -->","yoast_head_json":{"title":"Appel \u00e0 candidatures pour le Prix national S\u00e9curit\u00e9-Sant\u00e9 au travail - INDR","robots":{"index":"index","follow":"follow","max-snippet":"max-snippet:-1","max-image-preview":"max-image-preview:large","max-video-preview":"max-video-preview:-1"},"canonical":"https:\/\/indr.lu\/fr\/appel-a-candidatures-pour-le-prix-national-securite-sante-au-travail\/","og_locale":"fr_FR","og_type":"article","og_title":"Appel \u00e0 candidatures pour le Prix national S\u00e9curit\u00e9-Sant\u00e9 au travail - INDR","og_description":"Souhaitez-vous valoriser des mesures ou produits particuli\u00e8rement innovants dans le domaine de l\u2019am\u00e9lioration de la s\u00e9curit\u00e9, de la sant\u00e9 et du bien-\u00eatre au travail ?","og_url":"https:\/\/indr.lu\/fr\/appel-a-candidatures-pour-le-prix-national-securite-sante-au-travail\/","og_site_name":"INDR","article_publisher":"https:\/\/www.facebook.com\/INDR.lu","article_published_time":"2019-12-09T12:45:07+00:00","article_modified_time":"2021-06-11T09:24:21+00:00","og_image":[{"width":1837,"height":887,"url":"https:\/\/indr.lu\/wp-content\/uploads\/2019\/12\/vignette-teaser-prix-1.jpg","type":"image\/jpeg"}],"author":"admin","twitter_card":"summary_large_image","twitter_misc":{"\u00c9crit par":"admin","Dur\u00e9e de lecture estim\u00e9e":"2 minutes"},"schema":{"@context":"https:\/\/schema.org","@graph":[{"@type":"Article","@id":"https:\/\/indr.lu\/fr\/appel-a-candidatures-pour-le-prix-national-securite-sante-au-travail\/#article","isPartOf":{"@id":"https:\/\/indr.lu\/fr\/appel-a-candidatures-pour-le-prix-national-securite-sante-au-travail\/"},"author":{"name":"admin","@id":"https:\/\/indr.lu\/fr\/#\/schema\/person\/23e000806d613af66b535e4e8622d225"},"headline":"Appel \u00e0 candidatures pour le Prix national S\u00e9curit\u00e9-Sant\u00e9 au travail","datePublished":"2019-12-09T12:45:07+00:00","dateModified":"2021-06-11T09:24:21+00:00","mainEntityOfPage":{"@id":"https:\/\/indr.lu\/fr\/appel-a-candidatures-pour-le-prix-national-securite-sante-au-travail\/"},"wordCount":419,"publisher":{"@id":"https:\/\/indr.lu\/fr\/#organization"},"image":{"@id":"https:\/\/indr.lu\/fr\/appel-a-candidatures-pour-le-prix-national-securite-sante-au-travail\/#primaryimage"},"thumbnailUrl":"https:\/\/indr.lu\/wp-content\/uploads\/2019\/12\/vignette-teaser-prix-1.jpg","articleSection":["Vision Zero"],"inLanguage":"fr-FR"},{"@type":"WebPage","@id":"https:\/\/indr.lu\/fr\/appel-a-candidatures-pour-le-prix-national-securite-sante-au-travail\/","url":"https:\/\/indr.lu\/fr\/appel-a-candidatures-pour-le-prix-national-securite-sante-au-travail\/","name":"Appel \u00e0 candidatures pour le Prix national S\u00e9curit\u00e9-Sant\u00e9 au travail - INDR","isPartOf":{"@id":"https:\/\/indr.lu\/fr\/#website"},"primaryImageOfPage":{"@id":"https:\/\/indr.lu\/fr\/appel-a-candidatures-pour-le-prix-national-securite-sante-au-travail\/#primaryimage"},"image":{"@id":"https:\/\/indr.lu\/fr\/appel-a-candidatures-pour-le-prix-national-securite-sante-au-travail\/#primaryimage"},"thumbnailUrl":"https:\/\/indr.lu\/wp-content\/uploads\/2019\/12\/vignette-teaser-prix-1.jpg","datePublished":"2019-12-09T12:45:07+00:00","dateModified":"2021-06-11T09:24:21+00:00","breadcrumb":{"@id":"https:\/\/indr.lu\/fr\/appel-a-candidatures-pour-le-prix-national-securite-sante-au-travail\/#breadcrumb"},"inLanguage":"fr-FR","potentialAction":[{"@type":"ReadAction","target":["https:\/\/indr.lu\/fr\/appel-a-candidatures-pour-le-prix-national-securite-sante-au-travail\/"]}]},{"@type":"ImageObject","inLanguage":"fr-FR","@id":"https:\/\/indr.lu\/fr\/appel-a-candidatures-pour-le-prix-national-securite-sante-au-travail\/#primaryimage","url":"https:\/\/indr.lu\/wp-content\/uploads\/2019\/12\/vignette-teaser-prix-1.jpg","contentUrl":"https:\/\/indr.lu\/wp-content\/uploads\/2019\/12\/vignette-teaser-prix-1.jpg","width":1837,"height":887},{"@type":"BreadcrumbList","@id":"https:\/\/indr.lu\/fr\/appel-a-candidatures-pour-le-prix-national-securite-sante-au-travail\/#breadcrumb","itemListElement":[{"@type":"ListItem","position":1,"name":"Home","item":"https:\/\/indr.lu\/fr\/"},{"@type":"ListItem","position":2,"name":"Appel \u00e0 candidatures pour le Prix national S\u00e9curit\u00e9-Sant\u00e9 au travail"}]},{"@type":"WebSite","@id":"https:\/\/indr.lu\/fr\/#website","url":"https:\/\/indr.lu\/fr\/","name":"INDR","description":"Institut national pour le d\u00e9veloppement durable et la RSE","publisher":{"@id":"https:\/\/indr.lu\/fr\/#organization"},"potentialAction":[{"@type":"SearchAction","target":{"@type":"EntryPoint","urlTemplate":"https:\/\/indr.lu\/fr\/?s={search_term_string}"},"query-input":{"@type":"PropertyValueSpecification","valueRequired":true,"valueName":"search_term_string"}}],"inLanguage":"fr-FR"},{"@type":"Organization","@id":"https:\/\/indr.lu\/fr\/#organization","name":"INDR","alternateName":"L\u2019Institut National pour le D\u00e9veloppement durable et la Responsabilit\u00e9 sociale des entreprises","url":"https:\/\/indr.lu\/fr\/","logo":{"@type":"ImageObject","inLanguage":"fr-FR","@id":"https:\/\/indr.lu\/fr\/#\/schema\/logo\/image\/","url":"https:\/\/indr.lu\/wp-content\/uploads\/2021\/04\/indr-logo.svg","contentUrl":"https:\/\/indr.lu\/wp-content\/uploads\/2021\/04\/indr-logo.svg","width":"1024","height":"1024","caption":"INDR"},"image":{"@id":"https:\/\/indr.lu\/fr\/#\/schema\/logo\/image\/"},"sameAs":["https:\/\/www.facebook.com\/INDR.lu","https:\/\/www.linkedin.com\/company\/indr---institut-national-pour-le-d-veloppement-durable-et-la-responsabilit-des-entreprises\/"]},{"@type":"Person","@id":"https:\/\/indr.lu\/fr\/#\/schema\/person\/23e000806d613af66b535e4e8622d225","name":"admin","url":"https:\/\/indr.lu\/fr\/author\/admin\/"}]}},"_links":{"self":[{"href":"https:\/\/indr.lu\/fr\/wp-json\/wp\/v2\/posts\/1780","targetHints":{"allow":["GET"]}}],"collection":[{"href":"https:\/\/indr.lu\/fr\/wp-json\/wp\/v2\/posts"}],"about":[{"href":"https:\/\/indr.lu\/fr\/wp-json\/wp\/v2\/types\/post"}],"author":[{"embeddable":true,"href":"https:\/\/indr.lu\/fr\/wp-json\/wp\/v2\/users\/35"}],"replies":[{"embeddable":true,"href":"https:\/\/indr.lu\/fr\/wp-json\/wp\/v2\/comments?post=1780"}],"version-history":[{"count":4,"href":"https:\/\/indr.lu\/fr\/wp-json\/wp\/v2\/posts\/1780\/revisions"}],"predecessor-version":[{"id":12023,"href":"https:\/\/indr.lu\/fr\/wp-json\/wp\/v2\/posts\/1780\/revisions\/12023"}],"wp:featuredmedia":[{"embeddable":true,"href":"https:\/\/indr.lu\/fr\/wp-json\/wp\/v2\/media\/8878"}],"wp:attachment":[{"href":"https:\/\/indr.lu\/fr\/wp-json\/wp\/v2\/media?parent=1780"}],"wp:term":[{"taxonomy":"category","embeddable":true,"href":"https:\/\/indr.lu\/fr\/wp-json\/wp\/v2\/categories?post=1780"},{"taxonomy":"post_tag","embeddable":true,"href":"https:\/\/indr.lu\/fr\/wp-json\/wp\/v2\/tags?post=1780"}],"curies":[{"name":"wp","href":"https:\/\/api.w.org\/{rel}","templated":true}]}}