{"id":4231,"date":"2012-09-25T14:27:56","date_gmt":"2012-09-25T12:27:56","guid":{"rendered":"http:\/\/indr.lu\/?p=4231"},"modified":"2021-06-11T09:34:52","modified_gmt":"2021-06-11T09:34:52","slug":"remise-du-label-esr-a-9-entreprises","status":"publish","type":"post","link":"https:\/\/indr.lu\/fr\/remise-du-label-esr-a-9-entreprises\/","title":{"rendered":"Remise du label \u00ab ESR \u00bb \u00e0 9 entreprises"},"content":{"rendered":"[vc_row type=&#8221;in_container&#8221; full_screen_row_position=&#8221;middle&#8221; column_margin=&#8221;default&#8221; column_direction=&#8221;default&#8221; column_direction_tablet=&#8221;default&#8221; column_direction_phone=&#8221;default&#8221; scene_position=&#8221;center&#8221; text_color=&#8221;dark&#8221; text_align=&#8221;left&#8221; row_border_radius=&#8221;none&#8221; row_border_radius_applies=&#8221;bg&#8221; overlay_strength=&#8221;0.3&#8243; gradient_direction=&#8221;left_to_right&#8221; shape_divider_position=&#8221;bottom&#8221; bg_image_animation=&#8221;none&#8221;][vc_column column_padding=&#8221;no-extra-padding&#8221; column_padding_tablet=&#8221;inherit&#8221; column_padding_phone=&#8221;inherit&#8221; column_padding_position=&#8221;all&#8221; column_element_spacing=&#8221;default&#8221; background_color_opacity=&#8221;1&#8243; background_hover_color_opacity=&#8221;1&#8243; column_shadow=&#8221;none&#8221; column_border_radius=&#8221;none&#8221; column_link_target=&#8221;_self&#8221; gradient_direction=&#8221;left_to_right&#8221; overlay_strength=&#8221;0.3&#8243; width=&#8221;1\/1&#8243; tablet_width_inherit=&#8221;default&#8221; tablet_text_alignment=&#8221;default&#8221; phone_text_alignment=&#8221;default&#8221; bg_image_animation=&#8221;none&#8221; border_type=&#8221;simple&#8221; column_border_width=&#8221;none&#8221; column_border_style=&#8221;solid&#8221;][vc_column_text]<img decoding=\"async\" src=\"http:\/\/indr.lu\/wp-content\/uploads\/2012\/09\/INDR-Remise-1_2012_web.png\" sizes=\"(max-width: 800px) 100vw, 800px\" srcset=\"https:\/\/indr.lu\/wp-content\/uploads\/2012\/09\/INDR-Remise-1_2012_web.png 931w, https:\/\/indr.lu\/wp-content\/uploads\/2012\/09\/INDR-Remise-1_2012_web-300x200.png 300w, https:\/\/indr.lu\/wp-content\/uploads\/2012\/09\/INDR-Remise-1_2012_web-768x513.png 768w\" alt=\"\" width=\"800\" height=\"534\" \/><\/p>\n<p><i>L\u2019INDR vient de remettre son label \u00ab Entreprise Socialement Responsable &#8211; ESR \u00bb \u00e0 9 laur\u00e9ats, augmentant ainsi le nombre de certifications nationales \u00e0 60. Ces entreprises ont choisi d\u2019int\u00e9grer les concepts de responsabilit\u00e9 sociale dans leur strat\u00e9gie et dans leur culture d\u2019entreprise afin de cr\u00e9er de la valeur partag\u00e9e avec la soci\u00e9t\u00e9.<\/i><\/p>\n<p>Le <b>label \u00ab Entreprise Socialement Responsable &#8211; ESR \u00bb<\/b> vient d\u2019\u00eatre remis officiellement \u00e0 9 entreprises ayant r\u00e9pondu avec succ\u00e8s aux crit\u00e8res de la d\u00e9marche de labellisation de l\u2019INDR. Il s&#8217;agit de<\/p>\n<ul>\n<li><b>ARAL LUXEMBOURG S.A.<\/b> (Energie &#8211; 25 &#8211; 25\/09\/2012)<\/li>\n<li><b>ARCELORMITTAL LUXEMBOURG S.A.<\/b> (Industrie &#8211; 5197 &#8211; 25\/09\/2012)<\/li>\n<li><b>BNP PARIBAS SECURITIES SERVICES<\/b> (Finance &#8211; 1084 &#8211; 25\/09\/2012)<\/li>\n<li><b>COSTANTINI SA<\/b> (Construction &#8211; 412 &#8211; 25\/09\/2012)<\/li>\n<li><b>FOYER S.A.<\/b> (Assurance &#8211; 576 &#8211; 25\/09\/2012)<\/li>\n<li><b>ING LUXEMBOURG S.A.<\/b> (Finance &#8211; 761 &#8211; 25\/09\/2012)<\/li>\n<li><b>PROPOZE S\u00c0RL<\/b> (Conseil &#8211; 1 &#8211; 25\/09\/2012)<\/li>\n<li><b>RBC INVESTOR SERVICES BANK S.A.<\/b> (Finance &#8211; 1615 &#8211; 25\/09\/2012)<\/li>\n<li><b>TRALUX SARL<\/b> (Construction &#8211; 310 &#8211; 25\/09\/2012)<\/li>\n<\/ul>\n<p>Ce sont ainsi <b>60 entreprises, repr\u00e9sentant plus de 24.000 salari\u00e9s<\/b>, qui ont obtenu, \u00e0 ce jour, le label \u00ab Entreprise Socialement Responsable &#8211; ESR \u00bb.<\/p>\n<p>La mise en \u0153uvre de la RSE est une occasion pour l\u2019entreprise de prendre conscience de ses acquis actuels et de d\u00e9finir des objectifs futurs. Par cette d\u00e9marche volontaire, les entreprises sont conscientes des <b>avantages et b\u00e9n\u00e9fices li\u00e9s \u00e0 la RSE<\/b>. Ces bienfaits se r\u00e9percutent au niveau de leur r\u00e9putation, de leurs avantages concurrentiels, de leur capacit\u00e9 \u00e0 attirer et retenir des salari\u00e9s ou des clients, de la motivation et de la productivit\u00e9 de leurs salari\u00e9s et d\u2019une optimisation des relations avec leurs parties prenantes. L\u2019approche RSE constitue un pas important vers la p\u00e9rennisation de l\u2019entreprise et l\u2019am\u00e9lioration de son image.<\/p>\n<p>Le label ESR a \u00e9t\u00e9 cr\u00e9\u00e9 pour accompagner les entreprises dans leur d\u00e9veloppement en mati\u00e8re de RSE. Par cette distinction, l\u2019INDR offre un <b>outil aux entreprises qui souhaitent structurer et formaliser leurs efforts en la mati\u00e8re<\/b>, partager leurs exp\u00e9riences, \u00e9voluer en communaut\u00e9 et communiquer leurs efforts et r\u00e9ussites \u00e0 leurs salari\u00e9s, clients, fournisseurs et autres parties prenantes. Le label ESR se d\u00e9cline en trois piliers du mod\u00e8le RSE : \u00ab Social\u00bb, \u00ab Gouvernance \u00bb et \u00ab Environnement \u00bb. L\u2019INDR met ainsi \u00e0 la disposition des entreprises un r\u00e9f\u00e9rentiel qui est adapt\u00e9 tant aux <b>diff\u00e9rents secteurs d\u2019activit\u00e9 qu\u2019\u00e0 la taille des entreprises<\/b>. Les recommandations en mati\u00e8re de RSE devraient permettre aux entreprises d\u2019optimiser l\u2019int\u00e9gration de leurs imp\u00e9ratifs \u00e9conomiques, sociaux, soci\u00e9taux et environnementaux tout en r\u00e9pondant \u00e0 leurs attentes en termes de r\u00e9sultats. Afin de trouver un juste \u00e9quilibre entre l\u2019effort de la mise en place d\u2019une politique RSE dans l\u2019entreprise et la d\u00e9marche de formalisation pour les besoins du label ESR, l\u2019INDR propose une <b>d\u00e9marche facile et rapide, orient\u00e9e sur les avantages pour les entreprises, et utilisant des crit\u00e8res d\u2019\u00e9valuation objectifs et sp\u00e9cifiques<\/b>.<\/p>\n<p>Les entreprises souhaitant \u00e9valuer leur \u00e9tat d\u2019avancement en mati\u00e8re de RSE peuvent consulter le site <a href=\"https:\/\/web.archive.org\/web\/20141119224139\/http:\/\/www.indr.lu\/\" target=\"_self\" rel=\"noopener noreferrer\">www.indr.lu<\/a>. Elles y trouveront une information compl\u00e9mentaire leur proposant un outil d\u2019auto-\u00e9valuation sous forme d\u2019un r\u00e9f\u00e9rentiel adapt\u00e9 \u00e0 leur secteur et \u00e0 leur taille.<\/p>\n[\/vc_column_text][\/vc_column][\/vc_row]\n","protected":false},"excerpt":{"rendered":"<p>L\u2019INDR vient de remettre son label \u00ab Entreprise Socialement Responsable &#8211; ESR \u00bb \u00e0 9 laur\u00e9ats, augmentant ainsi le nombre de certifications nationales \u00e0 60.<\/p>\n","protected":false},"author":35,"featured_media":9337,"comment_status":"closed","ping_status":"closed","sticky":false,"template":"","format":"standard","meta":{"_acf_changed":false,"inline_featured_image":false,"footnotes":""},"categories":[120],"tags":[],"class_list":{"0":"post-4231","1":"post","2":"type-post","3":"status-publish","4":"format-standard","5":"has-post-thumbnail","7":"category-label-esr"},"acf":[],"yoast_head":"<!-- This site is optimized with the Yoast SEO plugin v27.4 - https:\/\/yoast.com\/product\/yoast-seo-wordpress\/ -->\n<title>Remise du label \u00ab ESR \u00bb \u00e0 9 entreprises - INDR<\/title>\n<meta name=\"robots\" content=\"index, follow, max-snippet:-1, max-image-preview:large, max-video-preview:-1\" \/>\n<link rel=\"canonical\" href=\"https:\/\/indr.lu\/fr\/remise-du-label-esr-a-9-entreprises\/\" \/>\n<meta property=\"og:locale\" content=\"fr_FR\" \/>\n<meta property=\"og:type\" content=\"article\" \/>\n<meta property=\"og:title\" content=\"Remise du label \u00ab ESR \u00bb \u00e0 9 entreprises - INDR\" \/>\n<meta property=\"og:description\" content=\"L\u2019INDR vient de remettre son label \u00ab Entreprise Socialement Responsable - ESR \u00bb \u00e0 9 laur\u00e9ats, augmentant ainsi le nombre de certifications nationales \u00e0 60.\" \/>\n<meta property=\"og:url\" content=\"https:\/\/indr.lu\/fr\/remise-du-label-esr-a-9-entreprises\/\" \/>\n<meta property=\"og:site_name\" content=\"INDR\" \/>\n<meta property=\"article:publisher\" content=\"https:\/\/www.facebook.com\/INDR.lu\" \/>\n<meta property=\"article:published_time\" content=\"2012-09-25T12:27:56+00:00\" \/>\n<meta property=\"article:modified_time\" content=\"2021-06-11T09:34:52+00:00\" \/>\n<meta property=\"og:image\" content=\"https:\/\/indr.lu\/wp-content\/uploads\/2012\/09\/Remise-Label-2012-09-25_large.jpg\" \/>\n\t<meta property=\"og:image:width\" content=\"300\" \/>\n\t<meta property=\"og:image:height\" content=\"224\" \/>\n\t<meta property=\"og:image:type\" content=\"image\/jpeg\" \/>\n<meta name=\"author\" content=\"admin\" \/>\n<meta name=\"twitter:card\" content=\"summary_large_image\" \/>\n<meta name=\"twitter:label1\" content=\"\u00c9crit par\" \/>\n\t<meta name=\"twitter:data1\" content=\"admin\" \/>\n\t<meta name=\"twitter:label2\" content=\"Dur\u00e9e de lecture estim\u00e9e\" \/>\n\t<meta name=\"twitter:data2\" content=\"3 minutes\" \/>\n<script type=\"application\/ld+json\" class=\"yoast-schema-graph\">{\"@context\":\"https:\\\/\\\/schema.org\",\"@graph\":[{\"@type\":\"Article\",\"@id\":\"https:\\\/\\\/indr.lu\\\/fr\\\/remise-du-label-esr-a-9-entreprises\\\/#article\",\"isPartOf\":{\"@id\":\"https:\\\/\\\/indr.lu\\\/fr\\\/remise-du-label-esr-a-9-entreprises\\\/\"},\"author\":{\"name\":\"admin\",\"@id\":\"https:\\\/\\\/indr.lu\\\/fr\\\/#\\\/schema\\\/person\\\/87552dee61e81f89c635d85ccd61c370\"},\"headline\":\"Remise du label \u00ab ESR \u00bb \u00e0 9 entreprises\",\"datePublished\":\"2012-09-25T12:27:56+00:00\",\"dateModified\":\"2021-06-11T09:34:52+00:00\",\"mainEntityOfPage\":{\"@id\":\"https:\\\/\\\/indr.lu\\\/fr\\\/remise-du-label-esr-a-9-entreprises\\\/\"},\"wordCount\":685,\"publisher\":{\"@id\":\"https:\\\/\\\/indr.lu\\\/fr\\\/#organization\"},\"image\":{\"@id\":\"https:\\\/\\\/indr.lu\\\/fr\\\/remise-du-label-esr-a-9-entreprises\\\/#primaryimage\"},\"thumbnailUrl\":\"https:\\\/\\\/indr.lu\\\/wp-content\\\/uploads\\\/2012\\\/09\\\/Remise-Label-2012-09-25_large.jpg\",\"articleSection\":[\"Label ESR\"],\"inLanguage\":\"fr-FR\"},{\"@type\":\"WebPage\",\"@id\":\"https:\\\/\\\/indr.lu\\\/fr\\\/remise-du-label-esr-a-9-entreprises\\\/\",\"url\":\"https:\\\/\\\/indr.lu\\\/fr\\\/remise-du-label-esr-a-9-entreprises\\\/\",\"name\":\"Remise du label \u00ab ESR \u00bb \u00e0 9 entreprises - INDR\",\"isPartOf\":{\"@id\":\"https:\\\/\\\/indr.lu\\\/fr\\\/#website\"},\"primaryImageOfPage\":{\"@id\":\"https:\\\/\\\/indr.lu\\\/fr\\\/remise-du-label-esr-a-9-entreprises\\\/#primaryimage\"},\"image\":{\"@id\":\"https:\\\/\\\/indr.lu\\\/fr\\\/remise-du-label-esr-a-9-entreprises\\\/#primaryimage\"},\"thumbnailUrl\":\"https:\\\/\\\/indr.lu\\\/wp-content\\\/uploads\\\/2012\\\/09\\\/Remise-Label-2012-09-25_large.jpg\",\"datePublished\":\"2012-09-25T12:27:56+00:00\",\"dateModified\":\"2021-06-11T09:34:52+00:00\",\"breadcrumb\":{\"@id\":\"https:\\\/\\\/indr.lu\\\/fr\\\/remise-du-label-esr-a-9-entreprises\\\/#breadcrumb\"},\"inLanguage\":\"fr-FR\",\"potentialAction\":[{\"@type\":\"ReadAction\",\"target\":[\"https:\\\/\\\/indr.lu\\\/fr\\\/remise-du-label-esr-a-9-entreprises\\\/\"]}]},{\"@type\":\"ImageObject\",\"inLanguage\":\"fr-FR\",\"@id\":\"https:\\\/\\\/indr.lu\\\/fr\\\/remise-du-label-esr-a-9-entreprises\\\/#primaryimage\",\"url\":\"https:\\\/\\\/indr.lu\\\/wp-content\\\/uploads\\\/2012\\\/09\\\/Remise-Label-2012-09-25_large.jpg\",\"contentUrl\":\"https:\\\/\\\/indr.lu\\\/wp-content\\\/uploads\\\/2012\\\/09\\\/Remise-Label-2012-09-25_large.jpg\",\"width\":300,\"height\":224},{\"@type\":\"BreadcrumbList\",\"@id\":\"https:\\\/\\\/indr.lu\\\/fr\\\/remise-du-label-esr-a-9-entreprises\\\/#breadcrumb\",\"itemListElement\":[{\"@type\":\"ListItem\",\"position\":1,\"name\":\"Home\",\"item\":\"https:\\\/\\\/indr.lu\\\/fr\\\/\"},{\"@type\":\"ListItem\",\"position\":2,\"name\":\"Remise du label \u00ab ESR \u00bb \u00e0 9 entreprises\"}]},{\"@type\":\"WebSite\",\"@id\":\"https:\\\/\\\/indr.lu\\\/fr\\\/#website\",\"url\":\"https:\\\/\\\/indr.lu\\\/fr\\\/\",\"name\":\"INDR\",\"description\":\"Institut national pour le d\u00e9veloppement durable et la RSE\",\"publisher\":{\"@id\":\"https:\\\/\\\/indr.lu\\\/fr\\\/#organization\"},\"potentialAction\":[{\"@type\":\"SearchAction\",\"target\":{\"@type\":\"EntryPoint\",\"urlTemplate\":\"https:\\\/\\\/indr.lu\\\/fr\\\/?s={search_term_string}\"},\"query-input\":{\"@type\":\"PropertyValueSpecification\",\"valueRequired\":true,\"valueName\":\"search_term_string\"}}],\"inLanguage\":\"fr-FR\"},{\"@type\":\"Organization\",\"@id\":\"https:\\\/\\\/indr.lu\\\/fr\\\/#organization\",\"name\":\"INDR\",\"alternateName\":\"L\u2019Institut National pour le D\u00e9veloppement durable et la Responsabilit\u00e9 sociale des entreprises\",\"url\":\"https:\\\/\\\/indr.lu\\\/fr\\\/\",\"logo\":{\"@type\":\"ImageObject\",\"inLanguage\":\"fr-FR\",\"@id\":\"https:\\\/\\\/indr.lu\\\/fr\\\/#\\\/schema\\\/logo\\\/image\\\/\",\"url\":\"https:\\\/\\\/indr.lu\\\/wp-content\\\/uploads\\\/2021\\\/04\\\/indr-logo.svg\",\"contentUrl\":\"https:\\\/\\\/indr.lu\\\/wp-content\\\/uploads\\\/2021\\\/04\\\/indr-logo.svg\",\"width\":\"1024\",\"height\":\"1024\",\"caption\":\"INDR\"},\"image\":{\"@id\":\"https:\\\/\\\/indr.lu\\\/fr\\\/#\\\/schema\\\/logo\\\/image\\\/\"},\"sameAs\":[\"https:\\\/\\\/www.facebook.com\\\/INDR.lu\",\"https:\\\/\\\/www.linkedin.com\\\/company\\\/indr---institut-national-pour-le-d-veloppement-durable-et-la-responsabilit-des-entreprises\\\/\"]},{\"@type\":\"Person\",\"@id\":\"https:\\\/\\\/indr.lu\\\/fr\\\/#\\\/schema\\\/person\\\/87552dee61e81f89c635d85ccd61c370\",\"name\":\"admin\",\"url\":\"https:\\\/\\\/indr.lu\\\/fr\\\/author\\\/admin\\\/\"}]}<\/script>\n<!-- \/ Yoast SEO plugin. -->","yoast_head_json":{"title":"Remise du label \u00ab ESR \u00bb \u00e0 9 entreprises - INDR","robots":{"index":"index","follow":"follow","max-snippet":"max-snippet:-1","max-image-preview":"max-image-preview:large","max-video-preview":"max-video-preview:-1"},"canonical":"https:\/\/indr.lu\/fr\/remise-du-label-esr-a-9-entreprises\/","og_locale":"fr_FR","og_type":"article","og_title":"Remise du label \u00ab ESR \u00bb \u00e0 9 entreprises - INDR","og_description":"L\u2019INDR vient de remettre son label \u00ab Entreprise Socialement Responsable - ESR \u00bb \u00e0 9 laur\u00e9ats, augmentant ainsi le nombre de certifications nationales \u00e0 60.","og_url":"https:\/\/indr.lu\/fr\/remise-du-label-esr-a-9-entreprises\/","og_site_name":"INDR","article_publisher":"https:\/\/www.facebook.com\/INDR.lu","article_published_time":"2012-09-25T12:27:56+00:00","article_modified_time":"2021-06-11T09:34:52+00:00","og_image":[{"width":300,"height":224,"url":"https:\/\/indr.lu\/wp-content\/uploads\/2012\/09\/Remise-Label-2012-09-25_large.jpg","type":"image\/jpeg"}],"author":"admin","twitter_card":"summary_large_image","twitter_misc":{"\u00c9crit par":"admin","Dur\u00e9e de lecture estim\u00e9e":"3 minutes"},"schema":{"@context":"https:\/\/schema.org","@graph":[{"@type":"Article","@id":"https:\/\/indr.lu\/fr\/remise-du-label-esr-a-9-entreprises\/#article","isPartOf":{"@id":"https:\/\/indr.lu\/fr\/remise-du-label-esr-a-9-entreprises\/"},"author":{"name":"admin","@id":"https:\/\/indr.lu\/fr\/#\/schema\/person\/87552dee61e81f89c635d85ccd61c370"},"headline":"Remise du label \u00ab ESR \u00bb \u00e0 9 entreprises","datePublished":"2012-09-25T12:27:56+00:00","dateModified":"2021-06-11T09:34:52+00:00","mainEntityOfPage":{"@id":"https:\/\/indr.lu\/fr\/remise-du-label-esr-a-9-entreprises\/"},"wordCount":685,"publisher":{"@id":"https:\/\/indr.lu\/fr\/#organization"},"image":{"@id":"https:\/\/indr.lu\/fr\/remise-du-label-esr-a-9-entreprises\/#primaryimage"},"thumbnailUrl":"https:\/\/indr.lu\/wp-content\/uploads\/2012\/09\/Remise-Label-2012-09-25_large.jpg","articleSection":["Label ESR"],"inLanguage":"fr-FR"},{"@type":"WebPage","@id":"https:\/\/indr.lu\/fr\/remise-du-label-esr-a-9-entreprises\/","url":"https:\/\/indr.lu\/fr\/remise-du-label-esr-a-9-entreprises\/","name":"Remise du label \u00ab ESR \u00bb \u00e0 9 entreprises - INDR","isPartOf":{"@id":"https:\/\/indr.lu\/fr\/#website"},"primaryImageOfPage":{"@id":"https:\/\/indr.lu\/fr\/remise-du-label-esr-a-9-entreprises\/#primaryimage"},"image":{"@id":"https:\/\/indr.lu\/fr\/remise-du-label-esr-a-9-entreprises\/#primaryimage"},"thumbnailUrl":"https:\/\/indr.lu\/wp-content\/uploads\/2012\/09\/Remise-Label-2012-09-25_large.jpg","datePublished":"2012-09-25T12:27:56+00:00","dateModified":"2021-06-11T09:34:52+00:00","breadcrumb":{"@id":"https:\/\/indr.lu\/fr\/remise-du-label-esr-a-9-entreprises\/#breadcrumb"},"inLanguage":"fr-FR","potentialAction":[{"@type":"ReadAction","target":["https:\/\/indr.lu\/fr\/remise-du-label-esr-a-9-entreprises\/"]}]},{"@type":"ImageObject","inLanguage":"fr-FR","@id":"https:\/\/indr.lu\/fr\/remise-du-label-esr-a-9-entreprises\/#primaryimage","url":"https:\/\/indr.lu\/wp-content\/uploads\/2012\/09\/Remise-Label-2012-09-25_large.jpg","contentUrl":"https:\/\/indr.lu\/wp-content\/uploads\/2012\/09\/Remise-Label-2012-09-25_large.jpg","width":300,"height":224},{"@type":"BreadcrumbList","@id":"https:\/\/indr.lu\/fr\/remise-du-label-esr-a-9-entreprises\/#breadcrumb","itemListElement":[{"@type":"ListItem","position":1,"name":"Home","item":"https:\/\/indr.lu\/fr\/"},{"@type":"ListItem","position":2,"name":"Remise du label \u00ab ESR \u00bb \u00e0 9 entreprises"}]},{"@type":"WebSite","@id":"https:\/\/indr.lu\/fr\/#website","url":"https:\/\/indr.lu\/fr\/","name":"INDR","description":"Institut national pour le d\u00e9veloppement durable et la RSE","publisher":{"@id":"https:\/\/indr.lu\/fr\/#organization"},"potentialAction":[{"@type":"SearchAction","target":{"@type":"EntryPoint","urlTemplate":"https:\/\/indr.lu\/fr\/?s={search_term_string}"},"query-input":{"@type":"PropertyValueSpecification","valueRequired":true,"valueName":"search_term_string"}}],"inLanguage":"fr-FR"},{"@type":"Organization","@id":"https:\/\/indr.lu\/fr\/#organization","name":"INDR","alternateName":"L\u2019Institut National pour le D\u00e9veloppement durable et la Responsabilit\u00e9 sociale des entreprises","url":"https:\/\/indr.lu\/fr\/","logo":{"@type":"ImageObject","inLanguage":"fr-FR","@id":"https:\/\/indr.lu\/fr\/#\/schema\/logo\/image\/","url":"https:\/\/indr.lu\/wp-content\/uploads\/2021\/04\/indr-logo.svg","contentUrl":"https:\/\/indr.lu\/wp-content\/uploads\/2021\/04\/indr-logo.svg","width":"1024","height":"1024","caption":"INDR"},"image":{"@id":"https:\/\/indr.lu\/fr\/#\/schema\/logo\/image\/"},"sameAs":["https:\/\/www.facebook.com\/INDR.lu","https:\/\/www.linkedin.com\/company\/indr---institut-national-pour-le-d-veloppement-durable-et-la-responsabilit-des-entreprises\/"]},{"@type":"Person","@id":"https:\/\/indr.lu\/fr\/#\/schema\/person\/87552dee61e81f89c635d85ccd61c370","name":"admin","url":"https:\/\/indr.lu\/fr\/author\/admin\/"}]}},"_links":{"self":[{"href":"https:\/\/indr.lu\/fr\/wp-json\/wp\/v2\/posts\/4231","targetHints":{"allow":["GET"]}}],"collection":[{"href":"https:\/\/indr.lu\/fr\/wp-json\/wp\/v2\/posts"}],"about":[{"href":"https:\/\/indr.lu\/fr\/wp-json\/wp\/v2\/types\/post"}],"author":[{"embeddable":true,"href":"https:\/\/indr.lu\/fr\/wp-json\/wp\/v2\/users\/35"}],"replies":[{"embeddable":true,"href":"https:\/\/indr.lu\/fr\/wp-json\/wp\/v2\/comments?post=4231"}],"version-history":[{"count":4,"href":"https:\/\/indr.lu\/fr\/wp-json\/wp\/v2\/posts\/4231\/revisions"}],"predecessor-version":[{"id":12049,"href":"https:\/\/indr.lu\/fr\/wp-json\/wp\/v2\/posts\/4231\/revisions\/12049"}],"wp:featuredmedia":[{"embeddable":true,"href":"https:\/\/indr.lu\/fr\/wp-json\/wp\/v2\/media\/9337"}],"wp:attachment":[{"href":"https:\/\/indr.lu\/fr\/wp-json\/wp\/v2\/media?parent=4231"}],"wp:term":[{"taxonomy":"category","embeddable":true,"href":"https:\/\/indr.lu\/fr\/wp-json\/wp\/v2\/categories?post=4231"},{"taxonomy":"post_tag","embeddable":true,"href":"https:\/\/indr.lu\/fr\/wp-json\/wp\/v2\/tags?post=4231"}],"curies":[{"name":"wp","href":"https:\/\/api.w.org\/{rel}","templated":true}]}}