{"id":4237,"date":"2012-05-08T14:34:50","date_gmt":"2012-05-08T12:34:50","guid":{"rendered":"http:\/\/indr.lu\/?p=4237"},"modified":"2021-06-11T09:35:11","modified_gmt":"2021-06-11T09:35:11","slug":"le-label-esr-a-ete-remis-a-plus-de-50-entreprises","status":"publish","type":"post","link":"https:\/\/indr.lu\/fr\/le-label-esr-a-ete-remis-a-plus-de-50-entreprises\/","title":{"rendered":"Le label ESR a \u00e9t\u00e9 remis \u00e0 plus de 50 entreprises"},"content":{"rendered":"<p>[vc_row type=&#8221;in_container&#8221; full_screen_row_position=&#8221;middle&#8221; column_margin=&#8221;default&#8221; column_direction=&#8221;default&#8221; column_direction_tablet=&#8221;default&#8221; column_direction_phone=&#8221;default&#8221; scene_position=&#8221;center&#8221; text_color=&#8221;dark&#8221; text_align=&#8221;left&#8221; row_border_radius=&#8221;none&#8221; row_border_radius_applies=&#8221;bg&#8221; overlay_strength=&#8221;0.3&#8243; gradient_direction=&#8221;left_to_right&#8221; shape_divider_position=&#8221;bottom&#8221; bg_image_animation=&#8221;none&#8221;][vc_column column_padding=&#8221;no-extra-padding&#8221; column_padding_tablet=&#8221;inherit&#8221; column_padding_phone=&#8221;inherit&#8221; column_padding_position=&#8221;all&#8221; column_element_spacing=&#8221;default&#8221; background_color_opacity=&#8221;1&#8243; background_hover_color_opacity=&#8221;1&#8243; column_shadow=&#8221;none&#8221; column_border_radius=&#8221;none&#8221; column_link_target=&#8221;_self&#8221; gradient_direction=&#8221;left_to_right&#8221; overlay_strength=&#8221;0.3&#8243; width=&#8221;1\/1&#8243; tablet_width_inherit=&#8221;default&#8221; tablet_text_alignment=&#8221;default&#8221; phone_text_alignment=&#8221;default&#8221; bg_image_animation=&#8221;none&#8221; border_type=&#8221;simple&#8221; column_border_width=&#8221;none&#8221; column_border_style=&#8221;solid&#8221;][vc_column_text]<img decoding=\"async\" src=\"http:\/\/indr.lu\/wp-content\/uploads\/2012\/05\/INDR_A_Remise_labels_08052012_web-300x201.png\" sizes=\"(max-width: 300px) 100vw, 300px\" srcset=\"https:\/\/indr.lu\/wp-content\/uploads\/2012\/05\/INDR_A_Remise_labels_08052012_web-300x201.png 300w, https:\/\/indr.lu\/wp-content\/uploads\/2012\/05\/INDR_A_Remise_labels_08052012_web-1024x685.png 1024w, https:\/\/indr.lu\/wp-content\/uploads\/2012\/05\/INDR_A_Remise_labels_08052012_web-768x513.png 768w, https:\/\/indr.lu\/wp-content\/uploads\/2012\/05\/INDR_A_Remise_labels_08052012_web.png 1279w\" alt=\"\" width=\"300\" height=\"201\" \/><\/p>\n<p>Le label ESR vient d\u2019\u00eatre remis officiellement \u00e0 14 entreprises ayant r\u00e9pondu avec succ\u00e8s aux crit\u00e8res de la d\u00e9marche de labellisation de l\u2019INDR. Il s&#8217;agit de: l\u2019ABBL, Aviva Investors Luxembourg, la BCEE, CK, CSD S.A. Kidscare, la Loterie Nationale, Luxplan, Oceal Ressources Humaines, Oceal Ressources Management, Progroup GEIE, Project S.A. Pronewteck S.A.et Steffen Holzbau. Ce sont ainsi plus de 50 entreprises qui ont obtenu, \u00e0 ce jour, le label \u00ab Entreprise Socialement Responsable &#8211; ESR \u00bb.<\/p>\n<p>[\/vc_column_text][\/vc_column][\/vc_row]<\/p>\n<div class=\"nectar-social fixed\" data-position=\"\" data-rm-love=\"1\" data-color-override=\"override\"><a href=\"#\"><span class=\"screen-reader-text\">Share<\/span><i class=\"icon-default-style steadysets-icon-share\"><\/i><\/a><div class=\"nectar-social-inner\"><a class='linkedin-share nectar-sharing' href='#' title='Share this'> <i class='fa fa-linkedin'><\/i> <span class='social-text'>Share<\/span> <\/a><\/div><\/div>","protected":false},"excerpt":{"rendered":"<p>Le label ESR vient d\u2019\u00eatre remis officiellement \u00e0 14 entreprises ayant r\u00e9pondu avec succ\u00e8s aux crit\u00e8res de la d\u00e9marche de labellisation de l\u2019INDR.<\/p>\n","protected":false},"author":35,"featured_media":9351,"comment_status":"closed","ping_status":"closed","sticky":false,"template":"","format":"standard","meta":{"_acf_changed":false,"inline_featured_image":false,"footnotes":""},"categories":[120],"tags":[],"class_list":["post-4237","post","type-post","status-publish","format-standard","has-post-thumbnail","hentry","category-label-esr"],"acf":[],"yoast_head":"<!-- This site is optimized with the Yoast SEO plugin v27.4 - https:\/\/yoast.com\/product\/yoast-seo-wordpress\/ -->\n<title>Le label ESR a \u00e9t\u00e9 remis \u00e0 plus de 50 entreprises - INDR<\/title>\n<meta name=\"robots\" content=\"index, follow, max-snippet:-1, max-image-preview:large, max-video-preview:-1\" \/>\n<link rel=\"canonical\" href=\"https:\/\/indr.lu\/fr\/le-label-esr-a-ete-remis-a-plus-de-50-entreprises\/\" \/>\n<meta property=\"og:locale\" content=\"fr_FR\" \/>\n<meta property=\"og:type\" content=\"article\" \/>\n<meta property=\"og:title\" content=\"Le label ESR a \u00e9t\u00e9 remis \u00e0 plus de 50 entreprises - INDR\" \/>\n<meta property=\"og:description\" content=\"Le label ESR vient d\u2019\u00eatre remis officiellement \u00e0 14 entreprises ayant r\u00e9pondu avec succ\u00e8s aux crit\u00e8res de la d\u00e9marche de labellisation de l\u2019INDR.\" \/>\n<meta property=\"og:url\" content=\"https:\/\/indr.lu\/fr\/le-label-esr-a-ete-remis-a-plus-de-50-entreprises\/\" \/>\n<meta property=\"og:site_name\" content=\"INDR\" \/>\n<meta property=\"article:publisher\" content=\"https:\/\/www.facebook.com\/INDR.lu\" \/>\n<meta property=\"article:published_time\" content=\"2012-05-08T12:34:50+00:00\" \/>\n<meta property=\"article:modified_time\" content=\"2021-06-11T09:35:11+00:00\" \/>\n<meta property=\"og:image\" content=\"https:\/\/indr.lu\/wp-content\/uploads\/2012\/05\/INDR_A_Remise_labels_08052012_web.png\" \/>\n\t<meta property=\"og:image:width\" content=\"1279\" \/>\n\t<meta property=\"og:image:height\" content=\"855\" \/>\n\t<meta property=\"og:image:type\" content=\"image\/png\" \/>\n<meta name=\"author\" content=\"admin\" \/>\n<meta name=\"twitter:card\" content=\"summary_large_image\" \/>\n<meta name=\"twitter:label1\" content=\"\u00c9crit par\" \/>\n\t<meta name=\"twitter:data1\" content=\"admin\" \/>\n\t<meta name=\"twitter:label2\" content=\"Dur\u00e9e de lecture estim\u00e9e\" \/>\n\t<meta name=\"twitter:data2\" content=\"1 minute\" \/>\n<script type=\"application\/ld+json\" class=\"yoast-schema-graph\">{\"@context\":\"https:\\\/\\\/schema.org\",\"@graph\":[{\"@type\":\"Article\",\"@id\":\"https:\\\/\\\/indr.lu\\\/fr\\\/le-label-esr-a-ete-remis-a-plus-de-50-entreprises\\\/#article\",\"isPartOf\":{\"@id\":\"https:\\\/\\\/indr.lu\\\/fr\\\/le-label-esr-a-ete-remis-a-plus-de-50-entreprises\\\/\"},\"author\":{\"name\":\"admin\",\"@id\":\"https:\\\/\\\/indr.lu\\\/fr\\\/#\\\/schema\\\/person\\\/87552dee61e81f89c635d85ccd61c370\"},\"headline\":\"Le label ESR a \u00e9t\u00e9 remis \u00e0 plus de 50 entreprises\",\"datePublished\":\"2012-05-08T12:34:50+00:00\",\"dateModified\":\"2021-06-11T09:35:11+00:00\",\"mainEntityOfPage\":{\"@id\":\"https:\\\/\\\/indr.lu\\\/fr\\\/le-label-esr-a-ete-remis-a-plus-de-50-entreprises\\\/\"},\"wordCount\":232,\"publisher\":{\"@id\":\"https:\\\/\\\/indr.lu\\\/fr\\\/#organization\"},\"image\":{\"@id\":\"https:\\\/\\\/indr.lu\\\/fr\\\/le-label-esr-a-ete-remis-a-plus-de-50-entreprises\\\/#primaryimage\"},\"thumbnailUrl\":\"https:\\\/\\\/indr.lu\\\/wp-content\\\/uploads\\\/2012\\\/05\\\/INDR_A_Remise_labels_08052012_web.png\",\"articleSection\":[\"Label ESR\"],\"inLanguage\":\"fr-FR\"},{\"@type\":\"WebPage\",\"@id\":\"https:\\\/\\\/indr.lu\\\/fr\\\/le-label-esr-a-ete-remis-a-plus-de-50-entreprises\\\/\",\"url\":\"https:\\\/\\\/indr.lu\\\/fr\\\/le-label-esr-a-ete-remis-a-plus-de-50-entreprises\\\/\",\"name\":\"Le label ESR a \u00e9t\u00e9 remis \u00e0 plus de 50 entreprises - INDR\",\"isPartOf\":{\"@id\":\"https:\\\/\\\/indr.lu\\\/fr\\\/#website\"},\"primaryImageOfPage\":{\"@id\":\"https:\\\/\\\/indr.lu\\\/fr\\\/le-label-esr-a-ete-remis-a-plus-de-50-entreprises\\\/#primaryimage\"},\"image\":{\"@id\":\"https:\\\/\\\/indr.lu\\\/fr\\\/le-label-esr-a-ete-remis-a-plus-de-50-entreprises\\\/#primaryimage\"},\"thumbnailUrl\":\"https:\\\/\\\/indr.lu\\\/wp-content\\\/uploads\\\/2012\\\/05\\\/INDR_A_Remise_labels_08052012_web.png\",\"datePublished\":\"2012-05-08T12:34:50+00:00\",\"dateModified\":\"2021-06-11T09:35:11+00:00\",\"breadcrumb\":{\"@id\":\"https:\\\/\\\/indr.lu\\\/fr\\\/le-label-esr-a-ete-remis-a-plus-de-50-entreprises\\\/#breadcrumb\"},\"inLanguage\":\"fr-FR\",\"potentialAction\":[{\"@type\":\"ReadAction\",\"target\":[\"https:\\\/\\\/indr.lu\\\/fr\\\/le-label-esr-a-ete-remis-a-plus-de-50-entreprises\\\/\"]}]},{\"@type\":\"ImageObject\",\"inLanguage\":\"fr-FR\",\"@id\":\"https:\\\/\\\/indr.lu\\\/fr\\\/le-label-esr-a-ete-remis-a-plus-de-50-entreprises\\\/#primaryimage\",\"url\":\"https:\\\/\\\/indr.lu\\\/wp-content\\\/uploads\\\/2012\\\/05\\\/INDR_A_Remise_labels_08052012_web.png\",\"contentUrl\":\"https:\\\/\\\/indr.lu\\\/wp-content\\\/uploads\\\/2012\\\/05\\\/INDR_A_Remise_labels_08052012_web.png\",\"width\":1279,\"height\":855},{\"@type\":\"BreadcrumbList\",\"@id\":\"https:\\\/\\\/indr.lu\\\/fr\\\/le-label-esr-a-ete-remis-a-plus-de-50-entreprises\\\/#breadcrumb\",\"itemListElement\":[{\"@type\":\"ListItem\",\"position\":1,\"name\":\"Home\",\"item\":\"https:\\\/\\\/indr.lu\\\/fr\\\/\"},{\"@type\":\"ListItem\",\"position\":2,\"name\":\"Le label ESR a \u00e9t\u00e9 remis \u00e0 plus de 50 entreprises\"}]},{\"@type\":\"WebSite\",\"@id\":\"https:\\\/\\\/indr.lu\\\/fr\\\/#website\",\"url\":\"https:\\\/\\\/indr.lu\\\/fr\\\/\",\"name\":\"INDR\",\"description\":\"Institut national pour le d\u00e9veloppement durable et la RSE\",\"publisher\":{\"@id\":\"https:\\\/\\\/indr.lu\\\/fr\\\/#organization\"},\"potentialAction\":[{\"@type\":\"SearchAction\",\"target\":{\"@type\":\"EntryPoint\",\"urlTemplate\":\"https:\\\/\\\/indr.lu\\\/fr\\\/?s={search_term_string}\"},\"query-input\":{\"@type\":\"PropertyValueSpecification\",\"valueRequired\":true,\"valueName\":\"search_term_string\"}}],\"inLanguage\":\"fr-FR\"},{\"@type\":\"Organization\",\"@id\":\"https:\\\/\\\/indr.lu\\\/fr\\\/#organization\",\"name\":\"INDR\",\"alternateName\":\"L\u2019Institut National pour le D\u00e9veloppement durable et la Responsabilit\u00e9 sociale des entreprises\",\"url\":\"https:\\\/\\\/indr.lu\\\/fr\\\/\",\"logo\":{\"@type\":\"ImageObject\",\"inLanguage\":\"fr-FR\",\"@id\":\"https:\\\/\\\/indr.lu\\\/fr\\\/#\\\/schema\\\/logo\\\/image\\\/\",\"url\":\"https:\\\/\\\/indr.lu\\\/wp-content\\\/uploads\\\/2021\\\/04\\\/indr-logo.svg\",\"contentUrl\":\"https:\\\/\\\/indr.lu\\\/wp-content\\\/uploads\\\/2021\\\/04\\\/indr-logo.svg\",\"width\":\"1024\",\"height\":\"1024\",\"caption\":\"INDR\"},\"image\":{\"@id\":\"https:\\\/\\\/indr.lu\\\/fr\\\/#\\\/schema\\\/logo\\\/image\\\/\"},\"sameAs\":[\"https:\\\/\\\/www.facebook.com\\\/INDR.lu\",\"https:\\\/\\\/www.linkedin.com\\\/company\\\/indr---institut-national-pour-le-d-veloppement-durable-et-la-responsabilit-des-entreprises\\\/\"]},{\"@type\":\"Person\",\"@id\":\"https:\\\/\\\/indr.lu\\\/fr\\\/#\\\/schema\\\/person\\\/87552dee61e81f89c635d85ccd61c370\",\"name\":\"admin\",\"url\":\"https:\\\/\\\/indr.lu\\\/fr\\\/author\\\/admin\\\/\"}]}<\/script>\n<!-- \/ Yoast SEO plugin. -->","yoast_head_json":{"title":"Le label ESR a \u00e9t\u00e9 remis \u00e0 plus de 50 entreprises - INDR","robots":{"index":"index","follow":"follow","max-snippet":"max-snippet:-1","max-image-preview":"max-image-preview:large","max-video-preview":"max-video-preview:-1"},"canonical":"https:\/\/indr.lu\/fr\/le-label-esr-a-ete-remis-a-plus-de-50-entreprises\/","og_locale":"fr_FR","og_type":"article","og_title":"Le label ESR a \u00e9t\u00e9 remis \u00e0 plus de 50 entreprises - INDR","og_description":"Le label ESR vient d\u2019\u00eatre remis officiellement \u00e0 14 entreprises ayant r\u00e9pondu avec succ\u00e8s aux crit\u00e8res de la d\u00e9marche de labellisation de l\u2019INDR.","og_url":"https:\/\/indr.lu\/fr\/le-label-esr-a-ete-remis-a-plus-de-50-entreprises\/","og_site_name":"INDR","article_publisher":"https:\/\/www.facebook.com\/INDR.lu","article_published_time":"2012-05-08T12:34:50+00:00","article_modified_time":"2021-06-11T09:35:11+00:00","og_image":[{"width":1279,"height":855,"url":"https:\/\/indr.lu\/wp-content\/uploads\/2012\/05\/INDR_A_Remise_labels_08052012_web.png","type":"image\/png"}],"author":"admin","twitter_card":"summary_large_image","twitter_misc":{"\u00c9crit par":"admin","Dur\u00e9e de lecture estim\u00e9e":"1 minute"},"schema":{"@context":"https:\/\/schema.org","@graph":[{"@type":"Article","@id":"https:\/\/indr.lu\/fr\/le-label-esr-a-ete-remis-a-plus-de-50-entreprises\/#article","isPartOf":{"@id":"https:\/\/indr.lu\/fr\/le-label-esr-a-ete-remis-a-plus-de-50-entreprises\/"},"author":{"name":"admin","@id":"https:\/\/indr.lu\/fr\/#\/schema\/person\/87552dee61e81f89c635d85ccd61c370"},"headline":"Le label ESR a \u00e9t\u00e9 remis \u00e0 plus de 50 entreprises","datePublished":"2012-05-08T12:34:50+00:00","dateModified":"2021-06-11T09:35:11+00:00","mainEntityOfPage":{"@id":"https:\/\/indr.lu\/fr\/le-label-esr-a-ete-remis-a-plus-de-50-entreprises\/"},"wordCount":232,"publisher":{"@id":"https:\/\/indr.lu\/fr\/#organization"},"image":{"@id":"https:\/\/indr.lu\/fr\/le-label-esr-a-ete-remis-a-plus-de-50-entreprises\/#primaryimage"},"thumbnailUrl":"https:\/\/indr.lu\/wp-content\/uploads\/2012\/05\/INDR_A_Remise_labels_08052012_web.png","articleSection":["Label ESR"],"inLanguage":"fr-FR"},{"@type":"WebPage","@id":"https:\/\/indr.lu\/fr\/le-label-esr-a-ete-remis-a-plus-de-50-entreprises\/","url":"https:\/\/indr.lu\/fr\/le-label-esr-a-ete-remis-a-plus-de-50-entreprises\/","name":"Le label ESR a \u00e9t\u00e9 remis \u00e0 plus de 50 entreprises - INDR","isPartOf":{"@id":"https:\/\/indr.lu\/fr\/#website"},"primaryImageOfPage":{"@id":"https:\/\/indr.lu\/fr\/le-label-esr-a-ete-remis-a-plus-de-50-entreprises\/#primaryimage"},"image":{"@id":"https:\/\/indr.lu\/fr\/le-label-esr-a-ete-remis-a-plus-de-50-entreprises\/#primaryimage"},"thumbnailUrl":"https:\/\/indr.lu\/wp-content\/uploads\/2012\/05\/INDR_A_Remise_labels_08052012_web.png","datePublished":"2012-05-08T12:34:50+00:00","dateModified":"2021-06-11T09:35:11+00:00","breadcrumb":{"@id":"https:\/\/indr.lu\/fr\/le-label-esr-a-ete-remis-a-plus-de-50-entreprises\/#breadcrumb"},"inLanguage":"fr-FR","potentialAction":[{"@type":"ReadAction","target":["https:\/\/indr.lu\/fr\/le-label-esr-a-ete-remis-a-plus-de-50-entreprises\/"]}]},{"@type":"ImageObject","inLanguage":"fr-FR","@id":"https:\/\/indr.lu\/fr\/le-label-esr-a-ete-remis-a-plus-de-50-entreprises\/#primaryimage","url":"https:\/\/indr.lu\/wp-content\/uploads\/2012\/05\/INDR_A_Remise_labels_08052012_web.png","contentUrl":"https:\/\/indr.lu\/wp-content\/uploads\/2012\/05\/INDR_A_Remise_labels_08052012_web.png","width":1279,"height":855},{"@type":"BreadcrumbList","@id":"https:\/\/indr.lu\/fr\/le-label-esr-a-ete-remis-a-plus-de-50-entreprises\/#breadcrumb","itemListElement":[{"@type":"ListItem","position":1,"name":"Home","item":"https:\/\/indr.lu\/fr\/"},{"@type":"ListItem","position":2,"name":"Le label ESR a \u00e9t\u00e9 remis \u00e0 plus de 50 entreprises"}]},{"@type":"WebSite","@id":"https:\/\/indr.lu\/fr\/#website","url":"https:\/\/indr.lu\/fr\/","name":"INDR","description":"Institut national pour le d\u00e9veloppement durable et la RSE","publisher":{"@id":"https:\/\/indr.lu\/fr\/#organization"},"potentialAction":[{"@type":"SearchAction","target":{"@type":"EntryPoint","urlTemplate":"https:\/\/indr.lu\/fr\/?s={search_term_string}"},"query-input":{"@type":"PropertyValueSpecification","valueRequired":true,"valueName":"search_term_string"}}],"inLanguage":"fr-FR"},{"@type":"Organization","@id":"https:\/\/indr.lu\/fr\/#organization","name":"INDR","alternateName":"L\u2019Institut National pour le D\u00e9veloppement durable et la Responsabilit\u00e9 sociale des entreprises","url":"https:\/\/indr.lu\/fr\/","logo":{"@type":"ImageObject","inLanguage":"fr-FR","@id":"https:\/\/indr.lu\/fr\/#\/schema\/logo\/image\/","url":"https:\/\/indr.lu\/wp-content\/uploads\/2021\/04\/indr-logo.svg","contentUrl":"https:\/\/indr.lu\/wp-content\/uploads\/2021\/04\/indr-logo.svg","width":"1024","height":"1024","caption":"INDR"},"image":{"@id":"https:\/\/indr.lu\/fr\/#\/schema\/logo\/image\/"},"sameAs":["https:\/\/www.facebook.com\/INDR.lu","https:\/\/www.linkedin.com\/company\/indr---institut-national-pour-le-d-veloppement-durable-et-la-responsabilit-des-entreprises\/"]},{"@type":"Person","@id":"https:\/\/indr.lu\/fr\/#\/schema\/person\/87552dee61e81f89c635d85ccd61c370","name":"admin","url":"https:\/\/indr.lu\/fr\/author\/admin\/"}]}},"_links":{"self":[{"href":"https:\/\/indr.lu\/fr\/wp-json\/wp\/v2\/posts\/4237","targetHints":{"allow":["GET"]}}],"collection":[{"href":"https:\/\/indr.lu\/fr\/wp-json\/wp\/v2\/posts"}],"about":[{"href":"https:\/\/indr.lu\/fr\/wp-json\/wp\/v2\/types\/post"}],"author":[{"embeddable":true,"href":"https:\/\/indr.lu\/fr\/wp-json\/wp\/v2\/users\/35"}],"replies":[{"embeddable":true,"href":"https:\/\/indr.lu\/fr\/wp-json\/wp\/v2\/comments?post=4237"}],"version-history":[{"count":4,"href":"https:\/\/indr.lu\/fr\/wp-json\/wp\/v2\/posts\/4237\/revisions"}],"predecessor-version":[{"id":12050,"href":"https:\/\/indr.lu\/fr\/wp-json\/wp\/v2\/posts\/4237\/revisions\/12050"}],"wp:featuredmedia":[{"embeddable":true,"href":"https:\/\/indr.lu\/fr\/wp-json\/wp\/v2\/media\/9351"}],"wp:attachment":[{"href":"https:\/\/indr.lu\/fr\/wp-json\/wp\/v2\/media?parent=4237"}],"wp:term":[{"taxonomy":"category","embeddable":true,"href":"https:\/\/indr.lu\/fr\/wp-json\/wp\/v2\/categories?post=4237"},{"taxonomy":"post_tag","embeddable":true,"href":"https:\/\/indr.lu\/fr\/wp-json\/wp\/v2\/tags?post=4237"}],"curies":[{"name":"wp","href":"https:\/\/api.w.org\/{rel}","templated":true}]}}