{"id":4248,"date":"2010-09-23T14:51:00","date_gmt":"2010-09-23T12:51:00","guid":{"rendered":"http:\/\/indr.lu\/?p=4248"},"modified":"2021-06-11T09:36:06","modified_gmt":"2021-06-11T09:36:06","slug":"remise-officielle-du-label-esr","status":"publish","type":"post","link":"https:\/\/indr.lu\/fr\/remise-officielle-du-label-esr\/","title":{"rendered":"Remise officielle du label ESR"},"content":{"rendered":"[vc_row type=&#8221;in_container&#8221; full_screen_row_position=&#8221;middle&#8221; column_margin=&#8221;default&#8221; column_direction=&#8221;default&#8221; column_direction_tablet=&#8221;default&#8221; column_direction_phone=&#8221;default&#8221; scene_position=&#8221;center&#8221; text_color=&#8221;dark&#8221; text_align=&#8221;left&#8221; row_border_radius=&#8221;none&#8221; row_border_radius_applies=&#8221;bg&#8221; overlay_strength=&#8221;0.3&#8243; gradient_direction=&#8221;left_to_right&#8221; shape_divider_position=&#8221;bottom&#8221; bg_image_animation=&#8221;none&#8221;][vc_column column_padding=&#8221;no-extra-padding&#8221; column_padding_tablet=&#8221;inherit&#8221; column_padding_phone=&#8221;inherit&#8221; column_padding_position=&#8221;all&#8221; column_element_spacing=&#8221;default&#8221; background_color_opacity=&#8221;1&#8243; background_hover_color_opacity=&#8221;1&#8243; column_shadow=&#8221;none&#8221; column_border_radius=&#8221;none&#8221; column_link_target=&#8221;_self&#8221; gradient_direction=&#8221;left_to_right&#8221; overlay_strength=&#8221;0.3&#8243; width=&#8221;1\/1&#8243; tablet_width_inherit=&#8221;default&#8221; tablet_text_alignment=&#8221;default&#8221; phone_text_alignment=&#8221;default&#8221; bg_image_animation=&#8221;none&#8221; border_type=&#8221;simple&#8221; column_border_width=&#8221;none&#8221; column_border_style=&#8221;solid&#8221;][vc_column_text]<img decoding=\"async\" src=\"http:\/\/indr.lu\/wp-content\/uploads\/2010\/09\/INDR_A_Remise_labels_23092010_web-1024x681.png\" sizes=\"(max-width: 800px) 100vw, 800px\" srcset=\"https:\/\/indr.lu\/wp-content\/uploads\/2010\/09\/INDR_A_Remise_labels_23092010_web-1024x681.png 1024w, https:\/\/indr.lu\/wp-content\/uploads\/2010\/09\/INDR_A_Remise_labels_23092010_web-300x199.png 300w, https:\/\/indr.lu\/wp-content\/uploads\/2010\/09\/INDR_A_Remise_labels_23092010_web-768x511.png 768w, https:\/\/indr.lu\/wp-content\/uploads\/2010\/09\/INDR_A_Remise_labels_23092010_web.png 1340w\" alt=\"\" width=\"800\" height=\"532\" \/><\/p>\n<p><strong>Le 23 septembre, le label ESR a \u00e9t\u00e9 remis pour la premi\u00e8re fois \u00e0 quinze entreprises ayant r\u00e9pondu avec succ\u00e8s aux crit\u00e8res de la d\u00e9marche de labellisation de l\u2019INDR.<\/strong><\/p>\n<p><em><strong>Accompagner les entreprises dans leur d\u00e9veloppement en mati\u00e8re de RSE<\/strong><\/em><\/p>\n<p>Avec ce label, l\u2019INDR offre\u00a0 un outil aux entreprises qui souhaitent formaliser leurs efforts en la mati\u00e8re, partager leurs exp\u00e9riences, \u00e9voluer en communaut\u00e9 et communiquer leurs efforts et r\u00e9ussites \u00e0 leurs salari\u00e9s et au monde ext\u00e9rieur. L\u2019INDR met ainsi \u00e0 la disposition des entreprises un r\u00e9f\u00e9rentiel qui est adapt\u00e9 tant aux diff\u00e9rents secteurs d\u2019activit\u00e9 de l\u2019\u00e9conomie qu\u2019\u00e0 la taille des entreprises. Les recommandations en mati\u00e8re de RSE permettent aux entreprises de trouver un juste \u00e9quilibre lors de l\u2019int\u00e9gration de leurs imp\u00e9ratifs \u00e9conomiques, sociaux, soci\u00e9taux et environnementaux tout en r\u00e9pondant \u00e0 leurs attentes en termes de r\u00e9sultats.<br \/>\nLe label ESR se d\u00e9cline en trois piliers du mod\u00e8le RSE:\u00a0 Social et Egalit\u00e9 des chances professionnelles, Gouvernance et Environnement. Etant entendu que la d\u00e9marche RSE s\u2019\u00e9tend aux engagements et aux activit\u00e9s volontaires de l\u2019entreprise qui d\u00e9passent le cadre normatif, l\u2019INDR souhaite que les entreprises souscrivent \u00e0 cette d\u00e9marche dans le souci l\u00e9gitime d\u2019obtenir \u00e0 terme un net avantage concurrentiel et de stimuler l\u2019innovation tout en r\u00e9pondant aux exigences du march\u00e9.<br \/>\nAfin de trouver un juste \u00e9quilibre entre l\u2019effort de la mise en place d\u2019une politique RSE dans l\u2019entreprise et la d\u00e9marche de formalisation pour les besoins du label ESR, l\u2019INDR poursuit un nombre de r\u00e8gles: facilit\u00e9 et rapidit\u00e9 de la d\u00e9marche, orientation sur les avantages pour les entreprises, crit\u00e8res d\u2019\u00e9valuation objectifs et sp\u00e9cifiques et soutien aux entreprises \u00e0 l\u2019aide d\u2019outils (toolkits) appropri\u00e9s. Abstraction faite de ces consid\u00e9rations, la mise en oeuvre de la RSE est une occasion pour l\u2019entreprise de prendre conscience de ses acquis actuels et de d\u00e9finir des objectifs futurs.<\/p>\n<p><strong>Comment obtenir le label ESR?<\/strong><\/p>\n<p>La marche \u00e0 suivre par les entreprises int\u00e9ress\u00e9es par le label peut \u00eatre r\u00e9sum\u00e9e ainsi: l\u2019entreprise proc\u00e8de \u00e0 une auto-\u00e9valuation de son comportement en mati\u00e8re de responsabilit\u00e9 sociale en utilisant l\u2019outil \u00e9lectronique pr\u00e9vu \u00e0 cet effet sur le site de l\u2019INDR. L\u2019INDR informe ensuite l\u2019entreprise du r\u00e9sultat de cette auto-\u00e9valuation. Deux hypoth\u00e8ses s\u2019ouvrent alors \u00e0 l\u2019entreprise; soit elle est invit\u00e9e \u00e0 solliciter un audit\/une v\u00e9rification par un expert agr\u00e9\u00e9 en vue d\u2019obtenir le label, soit elle se voit communiquer un plan d\u2019actions visant \u00e0 parfaire ses performances pour suffire au r\u00e9f\u00e9rentiel. Ce plan d\u2019actions peut, le cas \u00e9ch\u00e9ant, \u00eatre mis en oeuvre avec l\u2019aide d\u2019un professionnel d\u00fbment agr\u00e9\u00e9 \u00e0 ce titre par l\u2019INDR.<\/p>\n<p><strong>L\u2019UEL et l\u2019INDR<\/strong><\/p>\n<p>L\u2019Union des Entreprises Luxembourgeoises (UEL) a sign\u00e9 en date du 31 octobre 2003 une charte portant sur le d\u00e9veloppement durable. Ce faisant, elle adh\u00e8re aux principes du d\u00e9veloppement durable tel que d\u00e9fini par l\u2019ONU comme \u00e9tant la capacit\u00e9 des g\u00e9n\u00e9rations pr\u00e9sentes \u00e0 satisfaire leurs besoins tout en permettant aux g\u00e9n\u00e9rations futures de satisfaire les leurs. Le d\u00e9veloppement durable n\u00e9cessite partant une approche globale qui vise \u00e0 mettre en coh\u00e9rence tant les strat\u00e9gies \u00e9conomiques et sociales qu\u2019environnementales.<br \/>\nDans le cadre de cet engagement, l\u2019UEL promeut le concept de la responsabilit\u00e9 sociale des entreprises (RSE) afin d\u2019aider les entreprises \u00e0 renforcer leur comp\u00e9titivit\u00e9 et \u00e0 assurer leur p\u00e9rennit\u00e9. Pour ce faire, elle a cr\u00e9\u00e9 l\u2019Institut national pour le d\u00e9veloppement durable et la responsabilit\u00e9 des entreprises (INDR).<br \/>\nL\u2019UEL s\u2019attribue ainsi, \u00e0 travers son institut INDR, un double r\u00f4le de facilitateur et d\u2019acteur en mati\u00e8re de responsabilit\u00e9 sociale des entreprises: facilitateur, en offrant une plateforme d\u2019\u00e9changes et de promotion de bonnes pratiques aux entreprises actives dans le domaine de la RSE ou d\u00e9sirant le devenir\u00a0; acteur, en promouvant des concepts transversaux du d\u00e9veloppement durable dans la gestion des entreprises, dont la mise en pratique tient \u00e0 la mise en oeuvre d\u2019un label national de qualit\u00e9.<\/p>\n<p><strong>Un exemple \u00e0 suivre<\/strong><\/p>\n<p>Les quinze premi\u00e8res entreprises r\u00e9compens\u00e9es pour leur politique en mati\u00e8re de RSE sont les suivantes: ARGEST, Bebop, CACEIS Bank Luxembourg + Fastnet Luxembourg, Centre Culturel de Rencontre Abbaye de Neum\u00fcnster, Cetrel, Co-labor, ebrc, Goblet Lavandier &amp; Associ\u00e9s, Goeres Horlogerie, Mediation, plan-K, Sales-Lentz Participations, SIEMENS et SODEXO Luxembourg.<br \/>\nSi, comme ces entreprises, vous souhaitez \u00e9valuer votre \u00e9tat d\u2019avancement en mati\u00e8re de RSE, vous pouvez consulter le site www.indr.lu . Vous y trouverez une information compl\u00e9mentaire et un outil d\u2019auto-\u00e9valuation sous forme d\u2019un r\u00e9f\u00e9rentiel adapt\u00e9 \u00e0 votre secteur et \u00e0 votre taille.<\/p>\n[\/vc_column_text][\/vc_column][\/vc_row]\n","protected":false},"excerpt":{"rendered":"<p>Le 23 septembre, le label ESR a \u00e9t\u00e9 remis pour la premi\u00e8re fois \u00e0 quinze entreprises ayant r\u00e9pondu avec succ\u00e8s aux crit\u00e8res de la d\u00e9marche de labellisation de l\u2019INDR.<\/p>\n","protected":false},"author":35,"featured_media":9342,"comment_status":"closed","ping_status":"closed","sticky":false,"template":"","format":"standard","meta":{"_acf_changed":false,"inline_featured_image":false,"footnotes":""},"categories":[120],"tags":[],"class_list":{"0":"post-4248","1":"post","2":"type-post","3":"status-publish","4":"format-standard","5":"has-post-thumbnail","7":"category-label-esr"},"acf":[],"yoast_head":"<!-- This site is optimized with the Yoast SEO plugin v27.5 - https:\/\/yoast.com\/product\/yoast-seo-wordpress\/ -->\n<title>Remise officielle du label ESR - INDR<\/title>\n<meta name=\"robots\" content=\"index, follow, max-snippet:-1, max-image-preview:large, max-video-preview:-1\" \/>\n<link rel=\"canonical\" href=\"https:\/\/indr.lu\/fr\/remise-officielle-du-label-esr\/\" \/>\n<meta property=\"og:locale\" content=\"fr_FR\" \/>\n<meta property=\"og:type\" content=\"article\" \/>\n<meta property=\"og:title\" content=\"Remise officielle du label ESR - INDR\" \/>\n<meta property=\"og:description\" content=\"Le 23 septembre, le label ESR a \u00e9t\u00e9 remis pour la premi\u00e8re fois \u00e0 quinze entreprises ayant r\u00e9pondu avec succ\u00e8s aux crit\u00e8res de la d\u00e9marche de labellisation de l\u2019INDR.\" \/>\n<meta property=\"og:url\" content=\"https:\/\/indr.lu\/fr\/remise-officielle-du-label-esr\/\" \/>\n<meta property=\"og:site_name\" content=\"INDR\" \/>\n<meta property=\"article:publisher\" content=\"https:\/\/www.facebook.com\/INDR.lu\" \/>\n<meta property=\"article:published_time\" content=\"2010-09-23T12:51:00+00:00\" \/>\n<meta property=\"article:modified_time\" content=\"2021-06-11T09:36:06+00:00\" \/>\n<meta property=\"og:image\" content=\"https:\/\/indr.lu\/wp-content\/uploads\/2010\/09\/INDR_A_Remise_labels_23092010-scaled-2.jpg\" \/>\n\t<meta property=\"og:image:width\" content=\"2560\" \/>\n\t<meta property=\"og:image:height\" content=\"1700\" \/>\n\t<meta property=\"og:image:type\" content=\"image\/jpeg\" \/>\n<meta name=\"author\" content=\"admin\" \/>\n<meta name=\"twitter:card\" content=\"summary_large_image\" \/>\n<meta name=\"twitter:label1\" content=\"\u00c9crit par\" \/>\n\t<meta name=\"twitter:data1\" content=\"admin\" \/>\n\t<meta name=\"twitter:label2\" content=\"Dur\u00e9e de lecture estim\u00e9e\" \/>\n\t<meta name=\"twitter:data2\" content=\"5 minutes\" \/>\n<script type=\"application\/ld+json\" class=\"yoast-schema-graph\">{\"@context\":\"https:\\\/\\\/schema.org\",\"@graph\":[{\"@type\":\"Article\",\"@id\":\"https:\\\/\\\/indr.lu\\\/fr\\\/remise-officielle-du-label-esr\\\/#article\",\"isPartOf\":{\"@id\":\"https:\\\/\\\/indr.lu\\\/fr\\\/remise-officielle-du-label-esr\\\/\"},\"author\":{\"name\":\"admin\",\"@id\":\"https:\\\/\\\/indr.lu\\\/fr\\\/#\\\/schema\\\/person\\\/87552dee61e81f89c635d85ccd61c370\"},\"headline\":\"Remise officielle du label ESR\",\"datePublished\":\"2010-09-23T12:51:00+00:00\",\"dateModified\":\"2021-06-11T09:36:06+00:00\",\"mainEntityOfPage\":{\"@id\":\"https:\\\/\\\/indr.lu\\\/fr\\\/remise-officielle-du-label-esr\\\/\"},\"wordCount\":968,\"publisher\":{\"@id\":\"https:\\\/\\\/indr.lu\\\/fr\\\/#organization\"},\"image\":{\"@id\":\"https:\\\/\\\/indr.lu\\\/fr\\\/remise-officielle-du-label-esr\\\/#primaryimage\"},\"thumbnailUrl\":\"https:\\\/\\\/indr.lu\\\/wp-content\\\/uploads\\\/2010\\\/09\\\/INDR_A_Remise_labels_23092010-scaled-2.jpg\",\"articleSection\":[\"Label ESR\"],\"inLanguage\":\"fr-FR\"},{\"@type\":\"WebPage\",\"@id\":\"https:\\\/\\\/indr.lu\\\/fr\\\/remise-officielle-du-label-esr\\\/\",\"url\":\"https:\\\/\\\/indr.lu\\\/fr\\\/remise-officielle-du-label-esr\\\/\",\"name\":\"Remise officielle du label ESR - INDR\",\"isPartOf\":{\"@id\":\"https:\\\/\\\/indr.lu\\\/fr\\\/#website\"},\"primaryImageOfPage\":{\"@id\":\"https:\\\/\\\/indr.lu\\\/fr\\\/remise-officielle-du-label-esr\\\/#primaryimage\"},\"image\":{\"@id\":\"https:\\\/\\\/indr.lu\\\/fr\\\/remise-officielle-du-label-esr\\\/#primaryimage\"},\"thumbnailUrl\":\"https:\\\/\\\/indr.lu\\\/wp-content\\\/uploads\\\/2010\\\/09\\\/INDR_A_Remise_labels_23092010-scaled-2.jpg\",\"datePublished\":\"2010-09-23T12:51:00+00:00\",\"dateModified\":\"2021-06-11T09:36:06+00:00\",\"breadcrumb\":{\"@id\":\"https:\\\/\\\/indr.lu\\\/fr\\\/remise-officielle-du-label-esr\\\/#breadcrumb\"},\"inLanguage\":\"fr-FR\",\"potentialAction\":[{\"@type\":\"ReadAction\",\"target\":[\"https:\\\/\\\/indr.lu\\\/fr\\\/remise-officielle-du-label-esr\\\/\"]}]},{\"@type\":\"ImageObject\",\"inLanguage\":\"fr-FR\",\"@id\":\"https:\\\/\\\/indr.lu\\\/fr\\\/remise-officielle-du-label-esr\\\/#primaryimage\",\"url\":\"https:\\\/\\\/indr.lu\\\/wp-content\\\/uploads\\\/2010\\\/09\\\/INDR_A_Remise_labels_23092010-scaled-2.jpg\",\"contentUrl\":\"https:\\\/\\\/indr.lu\\\/wp-content\\\/uploads\\\/2010\\\/09\\\/INDR_A_Remise_labels_23092010-scaled-2.jpg\",\"width\":2560,\"height\":1700},{\"@type\":\"BreadcrumbList\",\"@id\":\"https:\\\/\\\/indr.lu\\\/fr\\\/remise-officielle-du-label-esr\\\/#breadcrumb\",\"itemListElement\":[{\"@type\":\"ListItem\",\"position\":1,\"name\":\"Home\",\"item\":\"https:\\\/\\\/indr.lu\\\/fr\\\/\"},{\"@type\":\"ListItem\",\"position\":2,\"name\":\"Remise officielle du label ESR\"}]},{\"@type\":\"WebSite\",\"@id\":\"https:\\\/\\\/indr.lu\\\/fr\\\/#website\",\"url\":\"https:\\\/\\\/indr.lu\\\/fr\\\/\",\"name\":\"INDR\",\"description\":\"Institut national pour le d\u00e9veloppement durable et la RSE\",\"publisher\":{\"@id\":\"https:\\\/\\\/indr.lu\\\/fr\\\/#organization\"},\"potentialAction\":[{\"@type\":\"SearchAction\",\"target\":{\"@type\":\"EntryPoint\",\"urlTemplate\":\"https:\\\/\\\/indr.lu\\\/fr\\\/?s={search_term_string}\"},\"query-input\":{\"@type\":\"PropertyValueSpecification\",\"valueRequired\":true,\"valueName\":\"search_term_string\"}}],\"inLanguage\":\"fr-FR\"},{\"@type\":\"Organization\",\"@id\":\"https:\\\/\\\/indr.lu\\\/fr\\\/#organization\",\"name\":\"INDR\",\"alternateName\":\"L\u2019Institut National pour le D\u00e9veloppement durable et la Responsabilit\u00e9 sociale des entreprises\",\"url\":\"https:\\\/\\\/indr.lu\\\/fr\\\/\",\"logo\":{\"@type\":\"ImageObject\",\"inLanguage\":\"fr-FR\",\"@id\":\"https:\\\/\\\/indr.lu\\\/fr\\\/#\\\/schema\\\/logo\\\/image\\\/\",\"url\":\"https:\\\/\\\/indr.lu\\\/wp-content\\\/uploads\\\/2021\\\/04\\\/indr-logo.svg\",\"contentUrl\":\"https:\\\/\\\/indr.lu\\\/wp-content\\\/uploads\\\/2021\\\/04\\\/indr-logo.svg\",\"width\":\"1024\",\"height\":\"1024\",\"caption\":\"INDR\"},\"image\":{\"@id\":\"https:\\\/\\\/indr.lu\\\/fr\\\/#\\\/schema\\\/logo\\\/image\\\/\"},\"sameAs\":[\"https:\\\/\\\/www.facebook.com\\\/INDR.lu\",\"https:\\\/\\\/www.linkedin.com\\\/company\\\/indr---institut-national-pour-le-d-veloppement-durable-et-la-responsabilit-des-entreprises\\\/\"]},{\"@type\":\"Person\",\"@id\":\"https:\\\/\\\/indr.lu\\\/fr\\\/#\\\/schema\\\/person\\\/87552dee61e81f89c635d85ccd61c370\",\"name\":\"admin\",\"url\":\"https:\\\/\\\/indr.lu\\\/fr\\\/author\\\/admin\\\/\"}]}<\/script>\n<!-- \/ Yoast SEO plugin. -->","yoast_head_json":{"title":"Remise officielle du label ESR - INDR","robots":{"index":"index","follow":"follow","max-snippet":"max-snippet:-1","max-image-preview":"max-image-preview:large","max-video-preview":"max-video-preview:-1"},"canonical":"https:\/\/indr.lu\/fr\/remise-officielle-du-label-esr\/","og_locale":"fr_FR","og_type":"article","og_title":"Remise officielle du label ESR - INDR","og_description":"Le 23 septembre, le label ESR a \u00e9t\u00e9 remis pour la premi\u00e8re fois \u00e0 quinze entreprises ayant r\u00e9pondu avec succ\u00e8s aux crit\u00e8res de la d\u00e9marche de labellisation de l\u2019INDR.","og_url":"https:\/\/indr.lu\/fr\/remise-officielle-du-label-esr\/","og_site_name":"INDR","article_publisher":"https:\/\/www.facebook.com\/INDR.lu","article_published_time":"2010-09-23T12:51:00+00:00","article_modified_time":"2021-06-11T09:36:06+00:00","og_image":[{"width":2560,"height":1700,"url":"https:\/\/indr.lu\/wp-content\/uploads\/2010\/09\/INDR_A_Remise_labels_23092010-scaled-2.jpg","type":"image\/jpeg"}],"author":"admin","twitter_card":"summary_large_image","twitter_misc":{"\u00c9crit par":"admin","Dur\u00e9e de lecture estim\u00e9e":"5 minutes"},"schema":{"@context":"https:\/\/schema.org","@graph":[{"@type":"Article","@id":"https:\/\/indr.lu\/fr\/remise-officielle-du-label-esr\/#article","isPartOf":{"@id":"https:\/\/indr.lu\/fr\/remise-officielle-du-label-esr\/"},"author":{"name":"admin","@id":"https:\/\/indr.lu\/fr\/#\/schema\/person\/87552dee61e81f89c635d85ccd61c370"},"headline":"Remise officielle du label ESR","datePublished":"2010-09-23T12:51:00+00:00","dateModified":"2021-06-11T09:36:06+00:00","mainEntityOfPage":{"@id":"https:\/\/indr.lu\/fr\/remise-officielle-du-label-esr\/"},"wordCount":968,"publisher":{"@id":"https:\/\/indr.lu\/fr\/#organization"},"image":{"@id":"https:\/\/indr.lu\/fr\/remise-officielle-du-label-esr\/#primaryimage"},"thumbnailUrl":"https:\/\/indr.lu\/wp-content\/uploads\/2010\/09\/INDR_A_Remise_labels_23092010-scaled-2.jpg","articleSection":["Label ESR"],"inLanguage":"fr-FR"},{"@type":"WebPage","@id":"https:\/\/indr.lu\/fr\/remise-officielle-du-label-esr\/","url":"https:\/\/indr.lu\/fr\/remise-officielle-du-label-esr\/","name":"Remise officielle du label ESR - INDR","isPartOf":{"@id":"https:\/\/indr.lu\/fr\/#website"},"primaryImageOfPage":{"@id":"https:\/\/indr.lu\/fr\/remise-officielle-du-label-esr\/#primaryimage"},"image":{"@id":"https:\/\/indr.lu\/fr\/remise-officielle-du-label-esr\/#primaryimage"},"thumbnailUrl":"https:\/\/indr.lu\/wp-content\/uploads\/2010\/09\/INDR_A_Remise_labels_23092010-scaled-2.jpg","datePublished":"2010-09-23T12:51:00+00:00","dateModified":"2021-06-11T09:36:06+00:00","breadcrumb":{"@id":"https:\/\/indr.lu\/fr\/remise-officielle-du-label-esr\/#breadcrumb"},"inLanguage":"fr-FR","potentialAction":[{"@type":"ReadAction","target":["https:\/\/indr.lu\/fr\/remise-officielle-du-label-esr\/"]}]},{"@type":"ImageObject","inLanguage":"fr-FR","@id":"https:\/\/indr.lu\/fr\/remise-officielle-du-label-esr\/#primaryimage","url":"https:\/\/indr.lu\/wp-content\/uploads\/2010\/09\/INDR_A_Remise_labels_23092010-scaled-2.jpg","contentUrl":"https:\/\/indr.lu\/wp-content\/uploads\/2010\/09\/INDR_A_Remise_labels_23092010-scaled-2.jpg","width":2560,"height":1700},{"@type":"BreadcrumbList","@id":"https:\/\/indr.lu\/fr\/remise-officielle-du-label-esr\/#breadcrumb","itemListElement":[{"@type":"ListItem","position":1,"name":"Home","item":"https:\/\/indr.lu\/fr\/"},{"@type":"ListItem","position":2,"name":"Remise officielle du label ESR"}]},{"@type":"WebSite","@id":"https:\/\/indr.lu\/fr\/#website","url":"https:\/\/indr.lu\/fr\/","name":"INDR","description":"Institut national pour le d\u00e9veloppement durable et la RSE","publisher":{"@id":"https:\/\/indr.lu\/fr\/#organization"},"potentialAction":[{"@type":"SearchAction","target":{"@type":"EntryPoint","urlTemplate":"https:\/\/indr.lu\/fr\/?s={search_term_string}"},"query-input":{"@type":"PropertyValueSpecification","valueRequired":true,"valueName":"search_term_string"}}],"inLanguage":"fr-FR"},{"@type":"Organization","@id":"https:\/\/indr.lu\/fr\/#organization","name":"INDR","alternateName":"L\u2019Institut National pour le D\u00e9veloppement durable et la Responsabilit\u00e9 sociale des entreprises","url":"https:\/\/indr.lu\/fr\/","logo":{"@type":"ImageObject","inLanguage":"fr-FR","@id":"https:\/\/indr.lu\/fr\/#\/schema\/logo\/image\/","url":"https:\/\/indr.lu\/wp-content\/uploads\/2021\/04\/indr-logo.svg","contentUrl":"https:\/\/indr.lu\/wp-content\/uploads\/2021\/04\/indr-logo.svg","width":"1024","height":"1024","caption":"INDR"},"image":{"@id":"https:\/\/indr.lu\/fr\/#\/schema\/logo\/image\/"},"sameAs":["https:\/\/www.facebook.com\/INDR.lu","https:\/\/www.linkedin.com\/company\/indr---institut-national-pour-le-d-veloppement-durable-et-la-responsabilit-des-entreprises\/"]},{"@type":"Person","@id":"https:\/\/indr.lu\/fr\/#\/schema\/person\/87552dee61e81f89c635d85ccd61c370","name":"admin","url":"https:\/\/indr.lu\/fr\/author\/admin\/"}]}},"_links":{"self":[{"href":"https:\/\/indr.lu\/fr\/wp-json\/wp\/v2\/posts\/4248","targetHints":{"allow":["GET"]}}],"collection":[{"href":"https:\/\/indr.lu\/fr\/wp-json\/wp\/v2\/posts"}],"about":[{"href":"https:\/\/indr.lu\/fr\/wp-json\/wp\/v2\/types\/post"}],"author":[{"embeddable":true,"href":"https:\/\/indr.lu\/fr\/wp-json\/wp\/v2\/users\/35"}],"replies":[{"embeddable":true,"href":"https:\/\/indr.lu\/fr\/wp-json\/wp\/v2\/comments?post=4248"}],"version-history":[{"count":4,"href":"https:\/\/indr.lu\/fr\/wp-json\/wp\/v2\/posts\/4248\/revisions"}],"predecessor-version":[{"id":12053,"href":"https:\/\/indr.lu\/fr\/wp-json\/wp\/v2\/posts\/4248\/revisions\/12053"}],"wp:featuredmedia":[{"embeddable":true,"href":"https:\/\/indr.lu\/fr\/wp-json\/wp\/v2\/media\/9342"}],"wp:attachment":[{"href":"https:\/\/indr.lu\/fr\/wp-json\/wp\/v2\/media?parent=4248"}],"wp:term":[{"taxonomy":"category","embeddable":true,"href":"https:\/\/indr.lu\/fr\/wp-json\/wp\/v2\/categories?post=4248"},{"taxonomy":"post_tag","embeddable":true,"href":"https:\/\/indr.lu\/fr\/wp-json\/wp\/v2\/tags?post=4248"}],"curies":[{"name":"wp","href":"https:\/\/api.w.org\/{rel}","templated":true}]}}